{"id":227422,"date":"2021-01-27T13:02:44","date_gmt":"2021-01-27T11:02:44","guid":{"rendered":"http:\/\/107.6.182.27\/tr\/?p=227422"},"modified":"2021-01-28T08:09:43","modified_gmt":"2021-01-28T06:09:43","slug":"suriyeli-bir-gurbetci-muzigiyle-memleketini-rus-sehirlerine-tasidi","status":"publish","type":"post","link":"https:\/\/archive.sana.sy\/tr\/?p=227422","title":{"rendered":"Suriyeli Bir Gurbet\u00e7i M\u00fczi\u011fiyle Memleketini Rus \u015eehirlerine Ta\u015f\u0131d\u0131"},"content":{"rendered":"<p>MOSKOVA \u2013 Suriyeli gurbet\u00e7i sanat\u00e7\u0131 Kemal Ballan, m\u00fczi\u011fini kuzey Rusya&#8217;n\u0131n Sibirya kentlerine ta\u015f\u0131yarak burada Medeniyetlerin Be\u015fi\u011fi Suriye ba\u015fl\u0131\u011f\u0131 alt\u0131nda be\u015f k\u00fclt\u00fcrel sanat konseri verdi.<\/p>\n<p>Rusya\u2019daki Suriye Arap vatanda\u015flar\u0131n\u0131n ve \u00e7ok say\u0131da Rus vatanda\u015flar\u0131n\u0131n kat\u0131ld\u0131\u011f\u0131 konserlerde m\u00fczikal ve lirik performanslar\u0131n yan\u0131 s\u0131ra Suriye medeniyeti ve en \u00f6nemli tarihi ve turistik yerleri hakk\u0131nda bir belgesel film g\u00f6sterimi ile Ballan taraf\u0131ndan haz\u0131rlanan bir grafik m\u00fczi\u011fi sunuldu.<\/p>\n<p>Konserler aras\u0131nda Suriye tarihi, Ugarit alfabesinin ke\u015ffi, Suriye\u2019de ke\u015ffedilen ilk m\u00fczik notas\u0131 ve Mezopotamya medeniyeti hakk\u0131nda k\u0131sa bir a\u00e7\u0131klaman\u0131n yan\u0131 s\u0131ra Ballan&#8217;\u0131n Suriye\u2019ye kar\u015f\u0131 ter\u00f6rist sava\u015f\u0131n etkilerini somutla\u015ft\u0131ran bir \u015fiir yer ald\u0131.<\/p>\n<p>Sanat\u00e7\u0131 Kemal Ballan, Moskova&#8217;daki Elena Gnesina Enstit\u00fcs\u00fc&#8217;nde d\u00fczenlenen Uluslararas\u0131 M\u00fczik Besteleme ve \u00c7alma Yar\u0131\u015fmas\u0131&#8217;nda ikinci \u00f6d\u00fcl olan, sanat ve \u015fiir alan\u0131nda uluslararas\u0131 \u00f6d\u00fcllerine sahiptir.<\/p>\n<p>P.M.<\/p>\n<div id='gallery-1' class='gallery galleryid-227422 gallery-columns-1 gallery-size-full'><figure class='gallery-item'>\n\t\t\t<div class='gallery-icon portrait'>\n\t\t\t\t<a href='https:\/\/archive.sana.sy\/tr\/wp-content\/uploads\/2021\/01\/photo_2021-01-27_12-53-46-1.jpg'><img loading=\"lazy\" decoding=\"async\" width=\"864\" height=\"1080\" src=\"https:\/\/archive.sana.sy\/tr\/wp-content\/uploads\/2021\/01\/photo_2021-01-27_12-53-46-1.jpg\" class=\"attachment-full size-full\" alt=\"\" srcset=\"https:\/\/archive.sana.sy\/tr\/wp-content\/uploads\/2021\/01\/photo_2021-01-27_12-53-46-1.jpg 864w, https:\/\/archive.sana.sy\/tr\/wp-content\/uploads\/2021\/01\/photo_2021-01-27_12-53-46-1-240x300.jpg 240w, https:\/\/archive.sana.sy\/tr\/wp-content\/uploads\/2021\/01\/photo_2021-01-27_12-53-46-1-819x1024.jpg 819w, https:\/\/archive.sana.sy\/tr\/wp-content\/uploads\/2021\/01\/photo_2021-01-27_12-53-46-1-120x150.jpg 120w, https:\/\/archive.sana.sy\/tr\/wp-content\/uploads\/2021\/01\/photo_2021-01-27_12-53-46-1-768x960.jpg 768w\" sizes=\"auto, (max-width: 864px) 100vw, 864px\" \/><\/a>\n\t\t\t<\/div><\/figure>\n\t\t<\/div>\n\n","protected":false},"excerpt":{"rendered":"<p>MOSKOVA \u2013 Suriyeli gurbet\u00e7i sanat\u00e7\u0131 Kemal Ballan, m\u00fczi\u011fini kuzey Rusya&#8217;n\u0131n Sibirya kentlerine ta\u015f\u0131yarak burada Medeniyetlerin Be\u015fi\u011fi Suriye ba\u015fl\u0131\u011f\u0131 alt\u0131nda be\u015f k\u00fclt\u00fcrel sanat konseri verdi. Rusya\u2019daki Suriye Arap vatanda\u015flar\u0131n\u0131n ve \u00e7ok say\u0131da Rus vatanda\u015flar\u0131n\u0131n kat\u0131ld\u0131\u011f\u0131 konserlerde m\u00fczikal ve lirik performanslar\u0131n yan\u0131 s\u0131ra Suriye medeniyeti ve en \u00f6nemli tarihi ve turistik yerleri hakk\u0131nda bir belgesel film g\u00f6sterimi &hellip;<\/p>\n","protected":false},"author":1,"featured_media":227423,"comment_status":"closed","ping_status":"closed","sticky":false,"template":"","format":"standard","meta":{"footnotes":""},"categories":[458,516,459,511,17988],"tags":[],"class_list":["post-227422","post","type-post","status-publish","format-standard","has-post-thumbnail","","category-dunya1","category-haberler-kultur-ve-sanat","category-haberler-arap-uluslararasi-politika","category-kultur-ve-sanat","category-son-haberler"],"_links":{"self":[{"href":"https:\/\/archive.sana.sy\/tr\/index.php?rest_route=\/wp\/v2\/posts\/227422","targetHints":{"allow":["GET"]}}],"collection":[{"href":"https:\/\/archive.sana.sy\/tr\/index.php?rest_route=\/wp\/v2\/posts"}],"about":[{"href":"https:\/\/archive.sana.sy\/tr\/index.php?rest_route=\/wp\/v2\/types\/post"}],"author":[{"embeddable":true,"href":"https:\/\/archive.sana.sy\/tr\/index.php?rest_route=\/wp\/v2\/users\/1"}],"replies":[{"embeddable":true,"href":"https:\/\/archive.sana.sy\/tr\/index.php?rest_route=%2Fwp%2Fv2%2Fcomments&post=227422"}],"version-history":[{"count":0,"href":"https:\/\/archive.sana.sy\/tr\/index.php?rest_route=\/wp\/v2\/posts\/227422\/revisions"}],"wp:featuredmedia":[{"embeddable":true,"href":"https:\/\/archive.sana.sy\/tr\/index.php?rest_route=\/wp\/v2\/media\/227423"}],"wp:attachment":[{"href":"https:\/\/archive.sana.sy\/tr\/index.php?rest_route=%2Fwp%2Fv2%2Fmedia&parent=227422"}],"wp:term":[{"taxonomy":"category","embeddable":true,"href":"https:\/\/archive.sana.sy\/tr\/index.php?rest_route=%2Fwp%2Fv2%2Fcategories&post=227422"},{"taxonomy":"post_tag","embeddable":true,"href":"https:\/\/archive.sana.sy\/tr\/index.php?rest_route=%2Fwp%2Fv2%2Ftags&post=227422"}],"curies":[{"name":"wp","href":"https:\/\/api.w.org\/{rel}","templated":true}]}}