{"id":227434,"date":"2021-01-27T22:25:56","date_gmt":"2021-01-27T20:25:56","guid":{"rendered":"http:\/\/107.6.182.27\/tr\/?p=227434"},"modified":"2021-01-28T16:32:13","modified_gmt":"2021-01-28T14:32:13","slug":"suriyeli-bir-ogrenci-hindistandaki-bir-universitede-duzenlenen-yarismada-birinciligi-kazandi","status":"publish","type":"post","link":"https:\/\/archive.sana.sy\/tr\/?p=227434","title":{"rendered":"Suriyeli Bir \u00d6\u011frenci, Hindistan&#8217;daki Bir \u00dcniversitede D\u00fczenlenen Yar\u0131\u015fmada Birincili\u011fi Kazand\u0131"},"content":{"rendered":"<p>YEN\u0130 DELH\u0130- Hindistan&#8217;da Crest \u00dcniversitesi taraf\u0131ndan d\u00fczenlenen ve y\u00fczlerce Hintli ve yabanc\u0131 \u00f6\u011frencinin kat\u0131ld\u0131\u011f\u0131 ulusal m\u00fcnazara ve tart\u0131\u015fmalar yar\u0131\u015fmas\u0131nda Suriyeli \u00f6\u011frenci Yazan Muhanna birinci oldu.<\/p>\n<p>&#8220;D\u00fcnya \u00c7ap\u0131nda \u00c7evrimi\u00e7i E\u011fitim, \u00d6\u011fretimde Hintli Kad\u0131n, \u0130\u015fg\u00fcc\u00fc Piyasas\u0131 ve S\u00fcrd\u00fcr\u00fclebilir Kalk\u0131nma &#8221; ve di\u011fer konularla ilgili yar\u0131\u015fma, \u00f6\u011frenci say\u0131s\u0131n\u0131n filtrelendi\u011fi ve sorular\u0131 yan\u0131tlamak i\u00e7in izin verilen s\u00fcrenin azalt\u0131ld\u0131\u011f\u0131 birka\u00e7 turda ger\u00e7ekle\u015ftirildi.<\/p>\n<p>Yar\u0131\u015fmadaki son m\u00fcnazara yakla\u015f\u0131k be\u015f saat s\u00fcrd\u00fc ve fonoloji, kabile edebiyat\u0131 ve ileti\u015fim becerileri uzman\u0131 uluslararas\u0131 tart\u0131\u015fma hakemi Prof. Dr. Hardik Yudishi taraf\u0131ndan y\u00f6netildi.<\/p>\n<p>SANA Muhabiriyle yapt\u0131\u011f\u0131 r\u00f6portajda Hindistan Marwadi \u00dcniversitesi&#8217;nde in\u015faat m\u00fchendisli\u011fi okuyan Muhanna, \u00e7al\u0131\u015fmalar\u0131n\u0131 s\u00fcrd\u00fcrme ve \u00fclkesine hizmet etmek i\u00e7in geri d\u00f6nme kararl\u0131l\u0131\u011f\u0131n\u0131 do\u011frulad\u0131.<\/p>\n","protected":false},"excerpt":{"rendered":"<p>YEN\u0130 DELH\u0130- Hindistan&#8217;da Crest \u00dcniversitesi taraf\u0131ndan d\u00fczenlenen ve y\u00fczlerce Hintli ve yabanc\u0131 \u00f6\u011frencinin kat\u0131ld\u0131\u011f\u0131 ulusal m\u00fcnazara ve tart\u0131\u015fmalar yar\u0131\u015fmas\u0131nda Suriyeli \u00f6\u011frenci Yazan Muhanna birinci oldu. &#8220;D\u00fcnya \u00c7ap\u0131nda \u00c7evrimi\u00e7i E\u011fitim, \u00d6\u011fretimde Hintli Kad\u0131n, \u0130\u015fg\u00fcc\u00fc Piyasas\u0131 ve S\u00fcrd\u00fcr\u00fclebilir Kalk\u0131nma &#8221; ve di\u011fer konularla ilgili yar\u0131\u015fma, \u00f6\u011frenci say\u0131s\u0131n\u0131n filtrelendi\u011fi ve sorular\u0131 yan\u0131tlamak i\u00e7in izin verilen s\u00fcrenin azalt\u0131ld\u0131\u011f\u0131 birka\u00e7 &hellip;<\/p>\n","protected":false},"author":1,"featured_media":227435,"comment_status":"closed","ping_status":"closed","sticky":false,"template":"","format":"standard","meta":{"footnotes":""},"categories":[516,511,17988,2554],"tags":[],"class_list":["post-227434","post","type-post","status-publish","format-standard","has-post-thumbnail","","category-haberler-kultur-ve-sanat","category-kultur-ve-sanat","category-son-haberler","category-suriye-ve-dunya"],"_links":{"self":[{"href":"https:\/\/archive.sana.sy\/tr\/index.php?rest_route=\/wp\/v2\/posts\/227434","targetHints":{"allow":["GET"]}}],"collection":[{"href":"https:\/\/archive.sana.sy\/tr\/index.php?rest_route=\/wp\/v2\/posts"}],"about":[{"href":"https:\/\/archive.sana.sy\/tr\/index.php?rest_route=\/wp\/v2\/types\/post"}],"author":[{"embeddable":true,"href":"https:\/\/archive.sana.sy\/tr\/index.php?rest_route=\/wp\/v2\/users\/1"}],"replies":[{"embeddable":true,"href":"https:\/\/archive.sana.sy\/tr\/index.php?rest_route=%2Fwp%2Fv2%2Fcomments&post=227434"}],"version-history":[{"count":0,"href":"https:\/\/archive.sana.sy\/tr\/index.php?rest_route=\/wp\/v2\/posts\/227434\/revisions"}],"wp:featuredmedia":[{"embeddable":true,"href":"https:\/\/archive.sana.sy\/tr\/index.php?rest_route=\/wp\/v2\/media\/227435"}],"wp:attachment":[{"href":"https:\/\/archive.sana.sy\/tr\/index.php?rest_route=%2Fwp%2Fv2%2Fmedia&parent=227434"}],"wp:term":[{"taxonomy":"category","embeddable":true,"href":"https:\/\/archive.sana.sy\/tr\/index.php?rest_route=%2Fwp%2Fv2%2Fcategories&post=227434"},{"taxonomy":"post_tag","embeddable":true,"href":"https:\/\/archive.sana.sy\/tr\/index.php?rest_route=%2Fwp%2Fv2%2Ftags&post=227434"}],"curies":[{"name":"wp","href":"https:\/\/api.w.org\/{rel}","templated":true}]}}