{"id":227449,"date":"2021-01-28T13:00:48","date_gmt":"2021-01-28T11:00:48","guid":{"rendered":"http:\/\/107.6.182.27\/tr\/?p=227449"},"modified":"2021-01-29T08:55:43","modified_gmt":"2021-01-29T06:55:43","slug":"nahta-belediye-meclisi-baskani-teroristlerin-kursunlariyla-sehit-dustu","status":"publish","type":"post","link":"https:\/\/archive.sana.sy\/tr\/?p=227449","title":{"rendered":"Nahta Belediye Meclisi Ba\u015fkan\u0131 Ter\u00f6ristlerin Kur\u015funlar\u0131yla \u015eehit D\u00fc\u015ft\u00fc"},"content":{"rendered":"<p>DERA \u2013 Dera k\u0131rsal\u0131n\u0131n do\u011fusunda Nahta belediye meclisi ba\u015fkan\u0131 Memduh el Mafalani, evinin \u00f6n\u00fcnde ter\u00f6ristler taraf\u0131ndan ate\u015f a\u00e7arak \u015fehit d\u00fc\u015ft\u00fc.<\/p>\n<p>Dera il Emniyet M\u00fcd\u00fcrl\u00fc\u011f\u00fcnden bir kaynak SANA muhabirine yapt\u0131\u011f\u0131 a\u00e7\u0131klamada, ter\u00f6ristlerin bu sabah i\u015fine do\u011fru evinden ayr\u0131l\u0131rken belediye meclisi ba\u015fkan\u0131n\u0131 ate\u015f a\u00e7malar\u0131 sonucunda \u015fehit d\u00fc\u015ft\u00fc\u011f\u00fcn\u00fc belirtti.<\/p>\n<p>\u0130zraa Hastanesi M\u00fcd\u00fcr\u00fc Dr. Ahmed el \u011eazali SANA muhabirine yapt\u0131\u011f\u0131 a\u00e7\u0131klamada, el Mafalani\u2019nin Hastaneye g\u00f6t\u00fcr\u00fcld\u00fc\u011f\u00fcnde hayattan ayr\u0131lm\u0131\u015f oldu\u011funa dikkat \u00e7ekti.<\/p>\n<p>\u00c7eviri: M.Y<\/p>\n","protected":false},"excerpt":{"rendered":"<p>DERA \u2013 Dera k\u0131rsal\u0131n\u0131n do\u011fusunda Nahta belediye meclisi ba\u015fkan\u0131 Memduh el Mafalani, evinin \u00f6n\u00fcnde ter\u00f6ristler taraf\u0131ndan ate\u015f a\u00e7arak \u015fehit d\u00fc\u015ft\u00fc. Dera il Emniyet M\u00fcd\u00fcrl\u00fc\u011f\u00fcnden bir kaynak SANA muhabirine yapt\u0131\u011f\u0131 a\u00e7\u0131klamada, ter\u00f6ristlerin bu sabah i\u015fine do\u011fru evinden ayr\u0131l\u0131rken belediye meclisi ba\u015fkan\u0131n\u0131 ate\u015f a\u00e7malar\u0131 sonucunda \u015fehit d\u00fc\u015ft\u00fc\u011f\u00fcn\u00fc belirtti. \u0130zraa Hastanesi M\u00fcd\u00fcr\u00fc Dr. Ahmed el \u011eazali SANA muhabirine &hellip;<\/p>\n","protected":false},"author":36,"featured_media":227450,"comment_status":"closed","ping_status":"closed","sticky":false,"template":"","format":"standard","meta":{"footnotes":""},"categories":[479,575,17988,478],"tags":[],"class_list":["post-227449","post","type-post","status-publish","format-standard","has-post-thumbnail","","category-haberler-yerel","category-olaylar-ve-gercekler","category-son-haberler","category-yerel"],"_links":{"self":[{"href":"https:\/\/archive.sana.sy\/tr\/index.php?rest_route=\/wp\/v2\/posts\/227449","targetHints":{"allow":["GET"]}}],"collection":[{"href":"https:\/\/archive.sana.sy\/tr\/index.php?rest_route=\/wp\/v2\/posts"}],"about":[{"href":"https:\/\/archive.sana.sy\/tr\/index.php?rest_route=\/wp\/v2\/types\/post"}],"author":[{"embeddable":true,"href":"https:\/\/archive.sana.sy\/tr\/index.php?rest_route=\/wp\/v2\/users\/36"}],"replies":[{"embeddable":true,"href":"https:\/\/archive.sana.sy\/tr\/index.php?rest_route=%2Fwp%2Fv2%2Fcomments&post=227449"}],"version-history":[{"count":0,"href":"https:\/\/archive.sana.sy\/tr\/index.php?rest_route=\/wp\/v2\/posts\/227449\/revisions"}],"wp:featuredmedia":[{"embeddable":true,"href":"https:\/\/archive.sana.sy\/tr\/index.php?rest_route=\/wp\/v2\/media\/227450"}],"wp:attachment":[{"href":"https:\/\/archive.sana.sy\/tr\/index.php?rest_route=%2Fwp%2Fv2%2Fmedia&parent=227449"}],"wp:term":[{"taxonomy":"category","embeddable":true,"href":"https:\/\/archive.sana.sy\/tr\/index.php?rest_route=%2Fwp%2Fv2%2Fcategories&post=227449"},{"taxonomy":"post_tag","embeddable":true,"href":"https:\/\/archive.sana.sy\/tr\/index.php?rest_route=%2Fwp%2Fv2%2Ftags&post=227449"}],"curies":[{"name":"wp","href":"https:\/\/api.w.org\/{rel}","templated":true}]}}