{"id":227599,"date":"2021-01-30T10:35:53","date_gmt":"2021-01-30T08:35:53","guid":{"rendered":"http:\/\/107.6.182.27\/tr\/?p=227599"},"modified":"2021-01-31T08:24:18","modified_gmt":"2021-01-31T06:24:18","slug":"dsg-milisleri-rakka-kirsalindan-birkac-genci-kacirdi","status":"publish","type":"post","link":"https:\/\/archive.sana.sy\/tr\/?p=227599","title":{"rendered":"DSG Milisleri Rakka K\u0131rsal\u0131ndan Birka\u00e7 Genci Ka\u00e7\u0131rd\u0131"},"content":{"rendered":"<p>RAKKA \u2013 \u0130\u015fgalci Amerikan g\u00fc\u00e7leri taraf\u0131ndan desteklenen \u201cDSG\u201d milisleri, saflar\u0131nda sava\u015fmaya zorlamak i\u00e7in Rakka k\u0131rsal\u0131n\u0131n do\u011fusundan birka\u00e7 sivili ka\u00e7\u0131rd\u0131.<\/p>\n<p>Yerel kaynaklar SANA muhabirine, DSG milislerinin, Rakka k\u0131rsal\u0131n\u0131n do\u011fusundaki Kadisiye ve Mudar \u00e7iftlikleri ve el Hamarat b\u00f6lgesine bask\u0131n d\u00fczenledi\u011fini belirtirken, birka\u00e7 genci ka\u00e7\u0131rd\u0131\u011f\u0131na i\u015faret etti.<\/p>\n<p>\u00c7eviri: M.Y<\/p>\n","protected":false},"excerpt":{"rendered":"<p>RAKKA \u2013 \u0130\u015fgalci Amerikan g\u00fc\u00e7leri taraf\u0131ndan desteklenen \u201cDSG\u201d milisleri, saflar\u0131nda sava\u015fmaya zorlamak i\u00e7in Rakka k\u0131rsal\u0131n\u0131n do\u011fusundan birka\u00e7 sivili ka\u00e7\u0131rd\u0131. Yerel kaynaklar SANA muhabirine, DSG milislerinin, Rakka k\u0131rsal\u0131n\u0131n do\u011fusundaki Kadisiye ve Mudar \u00e7iftlikleri ve el Hamarat b\u00f6lgesine bask\u0131n d\u00fczenledi\u011fini belirtirken, birka\u00e7 genci ka\u00e7\u0131rd\u0131\u011f\u0131na i\u015faret etti. \u00c7eviri: M.Y<\/p>\n","protected":false},"author":36,"featured_media":227600,"comment_status":"closed","ping_status":"closed","sticky":false,"template":"","format":"standard","meta":{"footnotes":""},"categories":[479,575,17988,478],"tags":[],"class_list":["post-227599","post","type-post","status-publish","format-standard","has-post-thumbnail","","category-haberler-yerel","category-olaylar-ve-gercekler","category-son-haberler","category-yerel"],"_links":{"self":[{"href":"https:\/\/archive.sana.sy\/tr\/index.php?rest_route=\/wp\/v2\/posts\/227599","targetHints":{"allow":["GET"]}}],"collection":[{"href":"https:\/\/archive.sana.sy\/tr\/index.php?rest_route=\/wp\/v2\/posts"}],"about":[{"href":"https:\/\/archive.sana.sy\/tr\/index.php?rest_route=\/wp\/v2\/types\/post"}],"author":[{"embeddable":true,"href":"https:\/\/archive.sana.sy\/tr\/index.php?rest_route=\/wp\/v2\/users\/36"}],"replies":[{"embeddable":true,"href":"https:\/\/archive.sana.sy\/tr\/index.php?rest_route=%2Fwp%2Fv2%2Fcomments&post=227599"}],"version-history":[{"count":0,"href":"https:\/\/archive.sana.sy\/tr\/index.php?rest_route=\/wp\/v2\/posts\/227599\/revisions"}],"wp:featuredmedia":[{"embeddable":true,"href":"https:\/\/archive.sana.sy\/tr\/index.php?rest_route=\/wp\/v2\/media\/227600"}],"wp:attachment":[{"href":"https:\/\/archive.sana.sy\/tr\/index.php?rest_route=%2Fwp%2Fv2%2Fmedia&parent=227599"}],"wp:term":[{"taxonomy":"category","embeddable":true,"href":"https:\/\/archive.sana.sy\/tr\/index.php?rest_route=%2Fwp%2Fv2%2Fcategories&post=227599"},{"taxonomy":"post_tag","embeddable":true,"href":"https:\/\/archive.sana.sy\/tr\/index.php?rest_route=%2Fwp%2Fv2%2Ftags&post=227599"}],"curies":[{"name":"wp","href":"https:\/\/api.w.org\/{rel}","templated":true}]}}