{"id":227652,"date":"2021-01-30T15:40:15","date_gmt":"2021-01-30T13:40:15","guid":{"rendered":"http:\/\/107.6.182.27\/tr\/?p=227652"},"modified":"2021-01-31T08:24:32","modified_gmt":"2021-01-31T06:24:32","slug":"teror-gruplari-fuzelerle-serakib-kentine-saldirdi","status":"publish","type":"post","link":"https:\/\/archive.sana.sy\/tr\/?p=227652","title":{"rendered":"Ter\u00f6r Gruplar\u0131 F\u00fczelerle Serakib Kentine Sald\u0131rd\u0131"},"content":{"rendered":"<p>\u0130DL\u0130B \u2013 Ter\u00f6r gruplar\u0131 \u0130dlib \u0130linin g\u00fcneyinde yer alan Serakib kentine f\u00fcze mermileri ile sald\u0131rd\u0131, bunun sonucunda olay yerinde maddi hasarlara yol a\u00e7\u0131ld\u0131.<\/p>\n<p>SANA muhabiri; Serkib\u2019in bat\u0131s\u0131nda yer alan el Neyrab beldesinde mevkilenmi\u015f ter\u00f6r gruplar\u0131n\u0131n Serakeb beldesini d\u00fcze mermileri ile hedef ald\u0131klar\u0131n\u0131 ve bunun sonucunda ahalilere ait \u00f6zel m\u00fclklerde maddi hasarlara yol a\u00e7\u0131ld\u0131\u011f\u0131n\u0131 belirtti.<\/p>\n<p>P.M.<\/p>\n","protected":false},"excerpt":{"rendered":"<p>\u0130DL\u0130B \u2013 Ter\u00f6r gruplar\u0131 \u0130dlib \u0130linin g\u00fcneyinde yer alan Serakib kentine f\u00fcze mermileri ile sald\u0131rd\u0131, bunun sonucunda olay yerinde maddi hasarlara yol a\u00e7\u0131ld\u0131. SANA muhabiri; Serkib\u2019in bat\u0131s\u0131nda yer alan el Neyrab beldesinde mevkilenmi\u015f ter\u00f6r gruplar\u0131n\u0131n Serakeb beldesini d\u00fcze mermileri ile hedef ald\u0131klar\u0131n\u0131 ve bunun sonucunda ahalilere ait \u00f6zel m\u00fclklerde maddi hasarlara yol a\u00e7\u0131ld\u0131\u011f\u0131n\u0131 belirtti. P.M.<\/p>\n","protected":false},"author":1,"featured_media":227653,"comment_status":"closed","ping_status":"closed","sticky":false,"template":"","format":"standard","meta":{"footnotes":""},"categories":[479,575,17988,478],"tags":[],"class_list":["post-227652","post","type-post","status-publish","format-standard","has-post-thumbnail","","category-haberler-yerel","category-olaylar-ve-gercekler","category-son-haberler","category-yerel"],"_links":{"self":[{"href":"https:\/\/archive.sana.sy\/tr\/index.php?rest_route=\/wp\/v2\/posts\/227652","targetHints":{"allow":["GET"]}}],"collection":[{"href":"https:\/\/archive.sana.sy\/tr\/index.php?rest_route=\/wp\/v2\/posts"}],"about":[{"href":"https:\/\/archive.sana.sy\/tr\/index.php?rest_route=\/wp\/v2\/types\/post"}],"author":[{"embeddable":true,"href":"https:\/\/archive.sana.sy\/tr\/index.php?rest_route=\/wp\/v2\/users\/1"}],"replies":[{"embeddable":true,"href":"https:\/\/archive.sana.sy\/tr\/index.php?rest_route=%2Fwp%2Fv2%2Fcomments&post=227652"}],"version-history":[{"count":0,"href":"https:\/\/archive.sana.sy\/tr\/index.php?rest_route=\/wp\/v2\/posts\/227652\/revisions"}],"wp:featuredmedia":[{"embeddable":true,"href":"https:\/\/archive.sana.sy\/tr\/index.php?rest_route=\/wp\/v2\/media\/227653"}],"wp:attachment":[{"href":"https:\/\/archive.sana.sy\/tr\/index.php?rest_route=%2Fwp%2Fv2%2Fmedia&parent=227652"}],"wp:term":[{"taxonomy":"category","embeddable":true,"href":"https:\/\/archive.sana.sy\/tr\/index.php?rest_route=%2Fwp%2Fv2%2Fcategories&post=227652"},{"taxonomy":"post_tag","embeddable":true,"href":"https:\/\/archive.sana.sy\/tr\/index.php?rest_route=%2Fwp%2Fv2%2Ftags&post=227652"}],"curies":[{"name":"wp","href":"https:\/\/api.w.org\/{rel}","templated":true}]}}