{"id":227665,"date":"2021-01-30T23:30:13","date_gmt":"2021-01-30T21:30:13","guid":{"rendered":"http:\/\/107.6.182.27\/tr\/?p=227665"},"modified":"2021-02-01T13:26:24","modified_gmt":"2021-02-01T11:26:24","slug":"saglik-bakanligi-75-sifa-54koronavirus-5-vefat-vakasi-kaydedildi","status":"publish","type":"post","link":"https:\/\/archive.sana.sy\/tr\/?p=227665","title":{"rendered":"Sa\u011fl\u0131k Bakanl\u0131\u011f\u0131: 75 \u015eifa, 54Koronavir\u00fcs, 5 Vefat Vakas\u0131 Kaydedildi"},"content":{"rendered":"<p>\u015eAM \u2013 Tescil edilen koronavir\u00fcs say\u0131lar\u0131nda \u00fcst \u00fcste d\u00f6rd\u00fcnc\u00fc g\u00fcnde \u015fifa say\u0131lar\u0131 isabet say\u0131lar\u0131n\u0131 a\u015farken Sa\u011fl\u0131k Bakanl\u0131\u011f\u0131n\u0131n ilan\u0131na g\u00f6re 75 \u015fifa vakas\u0131na kar\u015f\u0131l\u0131k 54 koronavir\u00fcs vakas\u0131 kaydedildi 5 vaka da vefat etti.<\/p>\n<p>Sa\u011fl\u0131k Bakanl\u0131\u011f\u0131n\u0131n yay\u0131nlad\u0131\u011f\u0131 ve SANA&#8217;n\u0131n bir n\u00fcshas\u0131n\u0131 ald\u0131\u011f\u0131 beyanda, Suriye\u2019de tescil edilen vaka say\u0131s\u0131n\u0131n bug\u00fcne kadar 13998 vakaya y\u00fckseldi\u011fini, bunlardan 7481 vakan\u0131n \u015fifa buldu\u011funu, 916 vakan\u0131n da vefat etti\u011fini a\u00e7\u0131klad\u0131.<\/p>\n<p>Suriye&#8217;de ilk Koronavir\u00fcs vakas\u0131 22 Mart 2020&#8217;de yurt d\u0131\u015f\u0131ndan gelen bir vatanda\u015f \u00fczerinde kaydedilmi\u015f ilk vefat vakas\u0131 ise ayn\u0131 ay\u0131n 29&#8217;unda tescil edilmi\u015fti.<\/p>\n","protected":false},"excerpt":{"rendered":"<p>\u015eAM \u2013 Tescil edilen koronavir\u00fcs say\u0131lar\u0131nda \u00fcst \u00fcste d\u00f6rd\u00fcnc\u00fc g\u00fcnde \u015fifa say\u0131lar\u0131 isabet say\u0131lar\u0131n\u0131 a\u015farken Sa\u011fl\u0131k Bakanl\u0131\u011f\u0131n\u0131n ilan\u0131na g\u00f6re 75 \u015fifa vakas\u0131na kar\u015f\u0131l\u0131k 54 koronavir\u00fcs vakas\u0131 kaydedildi 5 vaka da vefat etti. Sa\u011fl\u0131k Bakanl\u0131\u011f\u0131n\u0131n yay\u0131nlad\u0131\u011f\u0131 ve SANA&#8217;n\u0131n bir n\u00fcshas\u0131n\u0131 ald\u0131\u011f\u0131 beyanda, Suriye\u2019de tescil edilen vaka say\u0131s\u0131n\u0131n bug\u00fcne kadar 13998 vakaya y\u00fckseldi\u011fini, bunlardan 7481 vakan\u0131n \u015fifa &hellip;<\/p>\n","protected":false},"author":1,"featured_media":227666,"comment_status":"closed","ping_status":"closed","sticky":false,"template":"","format":"standard","meta":{"footnotes":""},"categories":[526,479,17988,525,478],"tags":[],"class_list":["post-227665","post","type-post","status-publish","format-standard","has-post-thumbnail","","category-haber-ve-raporlar","category-haberler-yerel","category-son-haberler","category-toplum","category-yerel"],"_links":{"self":[{"href":"https:\/\/archive.sana.sy\/tr\/index.php?rest_route=\/wp\/v2\/posts\/227665","targetHints":{"allow":["GET"]}}],"collection":[{"href":"https:\/\/archive.sana.sy\/tr\/index.php?rest_route=\/wp\/v2\/posts"}],"about":[{"href":"https:\/\/archive.sana.sy\/tr\/index.php?rest_route=\/wp\/v2\/types\/post"}],"author":[{"embeddable":true,"href":"https:\/\/archive.sana.sy\/tr\/index.php?rest_route=\/wp\/v2\/users\/1"}],"replies":[{"embeddable":true,"href":"https:\/\/archive.sana.sy\/tr\/index.php?rest_route=%2Fwp%2Fv2%2Fcomments&post=227665"}],"version-history":[{"count":0,"href":"https:\/\/archive.sana.sy\/tr\/index.php?rest_route=\/wp\/v2\/posts\/227665\/revisions"}],"wp:featuredmedia":[{"embeddable":true,"href":"https:\/\/archive.sana.sy\/tr\/index.php?rest_route=\/wp\/v2\/media\/227666"}],"wp:attachment":[{"href":"https:\/\/archive.sana.sy\/tr\/index.php?rest_route=%2Fwp%2Fv2%2Fmedia&parent=227665"}],"wp:term":[{"taxonomy":"category","embeddable":true,"href":"https:\/\/archive.sana.sy\/tr\/index.php?rest_route=%2Fwp%2Fv2%2Fcategories&post=227665"},{"taxonomy":"post_tag","embeddable":true,"href":"https:\/\/archive.sana.sy\/tr\/index.php?rest_route=%2Fwp%2Fv2%2Ftags&post=227665"}],"curies":[{"name":"wp","href":"https:\/\/api.w.org\/{rel}","templated":true}]}}