{"id":227713,"date":"2021-01-31T19:13:47","date_gmt":"2021-01-31T17:13:47","guid":{"rendered":"http:\/\/107.6.182.27\/tr\/?p=227713"},"modified":"2021-02-01T13:26:43","modified_gmt":"2021-02-01T11:26:43","slug":"halep-kirsalinda-bombali-arac-patlamasiyla-6-turk-rejimi-parali-askeri-oldu","status":"publish","type":"post","link":"https:\/\/archive.sana.sy\/tr\/?p=227713","title":{"rendered":"Halep K\u0131rsal\u0131nda Bombal\u0131 Ara\u00e7 Patlamas\u0131yla 6 T\u00fcrk Rejimi Paral\u0131 Askeri \u00d6ld\u00fc"},"content":{"rendered":"<p>HALEP- Halep&#8217;in kuzeydo\u011fu k\u0131rsal\u0131ndaki Zarzour k\u00f6y\u00fc yak\u0131nlar\u0131nda bir bombal\u0131 araca ter\u00f6r \u00f6rg\u00fctlerine mensup 6 T\u00fcrk rejimi paral\u0131 askeri \u00f6ld\u00fcr\u00fcld\u00fc, di\u011ferleri yaraland\u0131.<\/p>\n<p>Yerel kaynaklar SANA&#8217;ya, Halep&#8217;in kuzeydo\u011fu k\u0131rsal\u0131ndaki El-Bab kentine ba\u011fl\u0131 Zarzour k\u00f6y\u00fc yak\u0131nlar\u0131nda T\u00fcrk i\u015fgal g\u00fc\u00e7lerine ba\u011fl\u0131 s\u00f6zde &#8220;Hamza T\u00fcmeni&#8221; ter\u00f6ristin kontrol noktas\u0131n\u0131n yak\u0131n\u0131nda patlayan bombal\u0131 ara\u00e7ta 6 ter\u00f6ristin \u00f6ld\u00fc\u011f\u00fc ba\u015fkalar\u0131n\u0131n yaraland\u0131\u011f\u0131 ve maddi hasarlar\u0131n meydana geldi\u011fini s\u00f6yledi.<\/p>\n","protected":false},"excerpt":{"rendered":"<p>HALEP- Halep&#8217;in kuzeydo\u011fu k\u0131rsal\u0131ndaki Zarzour k\u00f6y\u00fc yak\u0131nlar\u0131nda bir bombal\u0131 araca ter\u00f6r \u00f6rg\u00fctlerine mensup 6 T\u00fcrk rejimi paral\u0131 askeri \u00f6ld\u00fcr\u00fcld\u00fc, di\u011ferleri yaraland\u0131. Yerel kaynaklar SANA&#8217;ya, Halep&#8217;in kuzeydo\u011fu k\u0131rsal\u0131ndaki El-Bab kentine ba\u011fl\u0131 Zarzour k\u00f6y\u00fc yak\u0131nlar\u0131nda T\u00fcrk i\u015fgal g\u00fc\u00e7lerine ba\u011fl\u0131 s\u00f6zde &#8220;Hamza T\u00fcmeni&#8221; ter\u00f6ristin kontrol noktas\u0131n\u0131n yak\u0131n\u0131nda patlayan bombal\u0131 ara\u00e7ta 6 ter\u00f6ristin \u00f6ld\u00fc\u011f\u00fc ba\u015fkalar\u0131n\u0131n yaraland\u0131\u011f\u0131 ve maddi hasarlar\u0131n &hellip;<\/p>\n","protected":false},"author":1,"featured_media":227715,"comment_status":"closed","ping_status":"closed","sticky":false,"template":"","format":"standard","meta":{"footnotes":""},"categories":[575,17988,2554,2555],"tags":[],"class_list":["post-227713","post","type-post","status-publish","format-standard","has-post-thumbnail","","category-olaylar-ve-gercekler","category-son-haberler","category-suriye-ve-dunya","category-suriye-ve-turkiye"],"_links":{"self":[{"href":"https:\/\/archive.sana.sy\/tr\/index.php?rest_route=\/wp\/v2\/posts\/227713","targetHints":{"allow":["GET"]}}],"collection":[{"href":"https:\/\/archive.sana.sy\/tr\/index.php?rest_route=\/wp\/v2\/posts"}],"about":[{"href":"https:\/\/archive.sana.sy\/tr\/index.php?rest_route=\/wp\/v2\/types\/post"}],"author":[{"embeddable":true,"href":"https:\/\/archive.sana.sy\/tr\/index.php?rest_route=\/wp\/v2\/users\/1"}],"replies":[{"embeddable":true,"href":"https:\/\/archive.sana.sy\/tr\/index.php?rest_route=%2Fwp%2Fv2%2Fcomments&post=227713"}],"version-history":[{"count":0,"href":"https:\/\/archive.sana.sy\/tr\/index.php?rest_route=\/wp\/v2\/posts\/227713\/revisions"}],"wp:featuredmedia":[{"embeddable":true,"href":"https:\/\/archive.sana.sy\/tr\/index.php?rest_route=\/wp\/v2\/media\/227715"}],"wp:attachment":[{"href":"https:\/\/archive.sana.sy\/tr\/index.php?rest_route=%2Fwp%2Fv2%2Fmedia&parent=227713"}],"wp:term":[{"taxonomy":"category","embeddable":true,"href":"https:\/\/archive.sana.sy\/tr\/index.php?rest_route=%2Fwp%2Fv2%2Fcategories&post=227713"},{"taxonomy":"post_tag","embeddable":true,"href":"https:\/\/archive.sana.sy\/tr\/index.php?rest_route=%2Fwp%2Fv2%2Ftags&post=227713"}],"curies":[{"name":"wp","href":"https:\/\/api.w.org\/{rel}","templated":true}]}}