{"id":227874,"date":"2021-02-03T08:00:06","date_gmt":"2021-02-03T06:00:06","guid":{"rendered":"http:\/\/107.6.182.27\/tr\/?p=227874"},"modified":"2021-02-04T08:18:32","modified_gmt":"2021-02-04T06:18:32","slug":"el-bab-kentinde-bomba-duzenegi-patladi-1-vatandas-sehit-4-vatandas-da-yarali","status":"publish","type":"post","link":"https:\/\/archive.sana.sy\/tr\/?p=227874","title":{"rendered":"El Bab Kentinde Bomba D\u00fczene\u011fi Patlad\u0131, 1 Vatanda\u015f \u015eehit, 4 Vatanda\u015f Da Yaral\u0131"},"content":{"rendered":"<p>HALEP \u2013 i\u015fgalci T\u00fcrk g\u00fc\u00e7leri taraf\u0131ndan desteklenen ter\u00f6r gruplar\u0131n\u0131n yay\u0131ld\u0131\u011f\u0131 Halep k\u0131rsal\u0131n\u0131n kuzeydo\u011fusunda yer alan el Bab kentinde, bomba d\u00fczene\u011finin patlamas\u0131 sonucunda 1 vatanda\u015f \u015fehit d\u00fc\u015ft\u00fc, 4 vatanda\u015f da yaraland\u0131.<\/p>\n<p>Yerel kaynaklar SANA muhabirine, el Bab kentinin el Sanayi b\u00f6lgesinde bomba d\u00fczene\u011finin patlamas\u0131 sonucunda 1 vatanda\u015f\u0131n \u015fehit d\u00fc\u015ft\u00fc\u011f\u00fcn\u00fc, 4 vatanda\u015f\u0131n da yaralnd\u0131\u011f\u0131n\u0131 belirtirken, olay yerinde de maddi hasarlar maydana geldi\u011fine i\u015faret etti.<\/p>\n<p>\u00c7eviri: M.Y<\/p>\n","protected":false},"excerpt":{"rendered":"<p>HALEP \u2013 i\u015fgalci T\u00fcrk g\u00fc\u00e7leri taraf\u0131ndan desteklenen ter\u00f6r gruplar\u0131n\u0131n yay\u0131ld\u0131\u011f\u0131 Halep k\u0131rsal\u0131n\u0131n kuzeydo\u011fusunda yer alan el Bab kentinde, bomba d\u00fczene\u011finin patlamas\u0131 sonucunda 1 vatanda\u015f \u015fehit d\u00fc\u015ft\u00fc, 4 vatanda\u015f da yaraland\u0131. Yerel kaynaklar SANA muhabirine, el Bab kentinin el Sanayi b\u00f6lgesinde bomba d\u00fczene\u011finin patlamas\u0131 sonucunda 1 vatanda\u015f\u0131n \u015fehit d\u00fc\u015ft\u00fc\u011f\u00fcn\u00fc, 4 vatanda\u015f\u0131n da yaralnd\u0131\u011f\u0131n\u0131 belirtirken, olay yerinde &hellip;<\/p>\n","protected":false},"author":36,"featured_media":227875,"comment_status":"closed","ping_status":"closed","sticky":false,"template":"","format":"standard","meta":{"footnotes":""},"categories":[479,575,17988,478],"tags":[],"class_list":["post-227874","post","type-post","status-publish","format-standard","has-post-thumbnail","","category-haberler-yerel","category-olaylar-ve-gercekler","category-son-haberler","category-yerel"],"_links":{"self":[{"href":"https:\/\/archive.sana.sy\/tr\/index.php?rest_route=\/wp\/v2\/posts\/227874","targetHints":{"allow":["GET"]}}],"collection":[{"href":"https:\/\/archive.sana.sy\/tr\/index.php?rest_route=\/wp\/v2\/posts"}],"about":[{"href":"https:\/\/archive.sana.sy\/tr\/index.php?rest_route=\/wp\/v2\/types\/post"}],"author":[{"embeddable":true,"href":"https:\/\/archive.sana.sy\/tr\/index.php?rest_route=\/wp\/v2\/users\/36"}],"replies":[{"embeddable":true,"href":"https:\/\/archive.sana.sy\/tr\/index.php?rest_route=%2Fwp%2Fv2%2Fcomments&post=227874"}],"version-history":[{"count":0,"href":"https:\/\/archive.sana.sy\/tr\/index.php?rest_route=\/wp\/v2\/posts\/227874\/revisions"}],"wp:featuredmedia":[{"embeddable":true,"href":"https:\/\/archive.sana.sy\/tr\/index.php?rest_route=\/wp\/v2\/media\/227875"}],"wp:attachment":[{"href":"https:\/\/archive.sana.sy\/tr\/index.php?rest_route=%2Fwp%2Fv2%2Fmedia&parent=227874"}],"wp:term":[{"taxonomy":"category","embeddable":true,"href":"https:\/\/archive.sana.sy\/tr\/index.php?rest_route=%2Fwp%2Fv2%2Fcategories&post=227874"},{"taxonomy":"post_tag","embeddable":true,"href":"https:\/\/archive.sana.sy\/tr\/index.php?rest_route=%2Fwp%2Fv2%2Ftags&post=227874"}],"curies":[{"name":"wp","href":"https:\/\/api.w.org\/{rel}","templated":true}]}}