{"id":227880,"date":"2021-02-03T11:30:39","date_gmt":"2021-02-03T09:30:39","guid":{"rendered":"http:\/\/107.6.182.27\/tr\/?p=227880"},"modified":"2021-02-04T12:15:27","modified_gmt":"2021-02-04T10:15:27","slug":"dsg-milisleri-yeni-kontrol-noktalari-kurarak-unun-girisini-engeliyor","status":"publish","type":"post","link":"https:\/\/archive.sana.sy\/tr\/?p=227880","title":{"rendered":"DSG Milisleri Yeni Kontrol Noktalar\u0131 Kurup F\u0131r\u0131nlara Unun Giri\u015fini Engeliyor"},"content":{"rendered":"<p>HASEKE \u2013 SANA muhabiri, Amerikan i\u015fgal kuvvetlerine ba\u011fl\u0131 DSG milislerinin Kam\u0131\u015fl\u0131 kenti F\u0131r\u0131n civar\u0131 ve merkez \u00e7evresinde kontrol noktalar\u0131 kurdu\u011funu, bunlar\u0131 da Tayi ve Halko semtlerine dayatt\u0131\u011f\u0131 ablukay\u0131 kald\u0131rmas\u0131 \u00fczerinden birka\u00e7 saat sonra geldi\u011fini ifade etti.<\/p>\n<p>Haseke SANA muhabiri, DSG milislerinin Haseke kent merkezine un geri\u015fini engeldi\u011fini ve kamu ve \u00f6zel f\u0131r\u0131nlar\u0131n hala durdu\u011funu s\u00f6yledi.<\/p>\n<p>M.Y.<\/p>\n","protected":false},"excerpt":{"rendered":"<p>HASEKE \u2013 SANA muhabiri, Amerikan i\u015fgal kuvvetlerine ba\u011fl\u0131 DSG milislerinin Kam\u0131\u015fl\u0131 kenti F\u0131r\u0131n civar\u0131 ve merkez \u00e7evresinde kontrol noktalar\u0131 kurdu\u011funu, bunlar\u0131 da Tayi ve Halko semtlerine dayatt\u0131\u011f\u0131 ablukay\u0131 kald\u0131rmas\u0131 \u00fczerinden birka\u00e7 saat sonra geldi\u011fini ifade etti. Haseke SANA muhabiri, DSG milislerinin Haseke kent merkezine un geri\u015fini engeldi\u011fini ve kamu ve \u00f6zel f\u0131r\u0131nlar\u0131n hala durdu\u011funu s\u00f6yledi. &hellip;<\/p>\n","protected":false},"author":36,"featured_media":227881,"comment_status":"closed","ping_status":"closed","sticky":false,"template":"","format":"standard","meta":{"footnotes":""},"categories":[479,575,17988,478],"tags":[],"class_list":["post-227880","post","type-post","status-publish","format-standard","has-post-thumbnail","","category-haberler-yerel","category-olaylar-ve-gercekler","category-son-haberler","category-yerel"],"_links":{"self":[{"href":"https:\/\/archive.sana.sy\/tr\/index.php?rest_route=\/wp\/v2\/posts\/227880","targetHints":{"allow":["GET"]}}],"collection":[{"href":"https:\/\/archive.sana.sy\/tr\/index.php?rest_route=\/wp\/v2\/posts"}],"about":[{"href":"https:\/\/archive.sana.sy\/tr\/index.php?rest_route=\/wp\/v2\/types\/post"}],"author":[{"embeddable":true,"href":"https:\/\/archive.sana.sy\/tr\/index.php?rest_route=\/wp\/v2\/users\/36"}],"replies":[{"embeddable":true,"href":"https:\/\/archive.sana.sy\/tr\/index.php?rest_route=%2Fwp%2Fv2%2Fcomments&post=227880"}],"version-history":[{"count":0,"href":"https:\/\/archive.sana.sy\/tr\/index.php?rest_route=\/wp\/v2\/posts\/227880\/revisions"}],"wp:featuredmedia":[{"embeddable":true,"href":"https:\/\/archive.sana.sy\/tr\/index.php?rest_route=\/wp\/v2\/media\/227881"}],"wp:attachment":[{"href":"https:\/\/archive.sana.sy\/tr\/index.php?rest_route=%2Fwp%2Fv2%2Fmedia&parent=227880"}],"wp:term":[{"taxonomy":"category","embeddable":true,"href":"https:\/\/archive.sana.sy\/tr\/index.php?rest_route=%2Fwp%2Fv2%2Fcategories&post=227880"},{"taxonomy":"post_tag","embeddable":true,"href":"https:\/\/archive.sana.sy\/tr\/index.php?rest_route=%2Fwp%2Fv2%2Ftags&post=227880"}],"curies":[{"name":"wp","href":"https:\/\/api.w.org\/{rel}","templated":true}]}}