{"id":22801,"date":"2015-02-03T15:45:11","date_gmt":"2015-02-03T13:45:11","guid":{"rendered":"http:\/\/www.sana.sy\/tr\/?p=22801"},"modified":"2015-02-03T15:01:31","modified_gmt":"2015-02-03T13:01:31","slug":"erdogan-turkiyeyi-sadece-gecit-degil-tamamen-teror-ussune-donusturdu","status":"publish","type":"post","link":"https:\/\/archive.sana.sy\/tr\/?p=22801","title":{"rendered":"Erdo\u011fan T\u00fcrkiye&#8217;yi Sadece Ge\u00e7it De\u011fil, Tamamen Ter\u00f6r \u00dcss\u00fcne D\u00f6n\u00fc\u015ft\u00fcrd\u00fc"},"content":{"rendered":"<p>DUBA\u0130 \u2013 Birle\u015fik Arap Emirliklerinden Dubai emniyet m\u00fcd\u00fcr\u00fc yard\u0131mc\u0131s\u0131 Dhahi KhalfanTemim; ihvanc\u0131 Recep Tayyip Erdo\u011fan\u2019\u0131n T\u00fcrkiye&#8217;yi sadece ter\u00f6ristlerin ge\u00e7it olarak kulland\u0131\u011f\u0131 bir b\u00f6lge de\u011fil, bar\u0131n\u0131p e\u011fitildikleri bir ter\u00f6r \u00fcss\u00fcne d\u00f6n\u00fc\u015ft\u00fcrd\u00fc\u011f\u00fcn\u00fc belirtti.<\/p>\n<p>Twitter hesab\u0131nda payla\u015ft\u0131\u011f\u0131 twitlerde Temim; T\u00fcrkiye&#8217;den yay\u0131n yapan televizyon kanallar\u0131n\u0131n ter\u00f6r ve \u00f6ld\u00fcrmeye bulunduklar\u0131 provokasyonu \u2018benzeri g\u00f6r\u00fclmemi\u015f ter\u00f6r\u2019 olarak nitelendirdi.<\/p>\n<p>Dubai Emniyet M\u00fcd\u00fcr\u00fc Yard\u0131mc\u0131s\u0131 Temim ihvanc\u0131 Erdo\u011fan\u2019\u0131 keskin bir dille ele\u015ftirirken; bu rejimin tekfirci ve kiral\u0131k ter\u00f6ristlere her t\u00fcrl\u00fc deste\u011finden dolay\u0131 Arap \u00fclkelerinin tamam\u0131nda T\u00fcrkiye b\u00fcy\u00fckel\u00e7ilerine protesto mektuplar\u0131 iletilmesi gerekti\u011fini ifade etti.<\/p>\n<p>Temim ter\u00f6r ve \u015fiddete provokasyon yapan medya kanallar\u0131n\u0131 da ele\u015ftirerek, sorumlular\u0131n\u0131n yarg\u0131lanmalar\u0131 gerekti\u011fini belirtti.<\/p>\n<p>Bilinece\u011fi \u00fczere T\u00fcrkiye&#8217;de M\u00fcsl\u00fcman Karde\u015fler k\u00f6keninden gelen Erdo\u011fan rejimi Arap \u00fclkelerinde ak\u0131t\u0131lan masum kanlar\u0131n ba\u015fl\u0131ca sorumlular\u0131ndan biri say\u0131lmaktad\u0131r. Suriye, m\u0131s\u0131r, Libya, Yemen, Tunus ve daha bir\u00e7ok b\u00f6lgede uluslararas\u0131nca yasaklanm\u0131\u015f Kaide \u00d6rg\u00fct\u00fc ve kollar\u0131n\u0131n yan\u0131 s\u0131ra daha muhtelif adland\u0131rmalar alt\u0131nda olan kiral\u0131k ter\u00f6r \u00e7etelerine her t\u00fcrl\u00fc deste\u011fi temin eden ter\u00f6r efendisi Erdo\u011fan; her t\u00fcrl\u00fc vah\u015feti i\u015fleyen bu katillere siyasi \u00f6rt\u00fc de temin etmektedir.<\/p>\n","protected":false},"excerpt":{"rendered":"<p>DUBA\u0130 \u2013 Birle\u015fik Arap Emirliklerinden Dubai emniyet m\u00fcd\u00fcr\u00fc yard\u0131mc\u0131s\u0131 Dhahi KhalfanTemim; ihvanc\u0131 Recep Tayyip Erdo\u011fan\u2019\u0131n T\u00fcrkiye&#8217;yi sadece ter\u00f6ristlerin ge\u00e7it olarak kulland\u0131\u011f\u0131 bir b\u00f6lge de\u011fil, bar\u0131n\u0131p e\u011fitildikleri bir ter\u00f6r \u00fcss\u00fcne d\u00f6n\u00fc\u015ft\u00fcrd\u00fc\u011f\u00fcn\u00fc belirtti. Twitter hesab\u0131nda payla\u015ft\u0131\u011f\u0131 twitlerde Temim; T\u00fcrkiye&#8217;den yay\u0131n yapan televizyon kanallar\u0131n\u0131n ter\u00f6r ve \u00f6ld\u00fcrmeye bulunduklar\u0131 provokasyonu \u2018benzeri g\u00f6r\u00fclmemi\u015f ter\u00f6r\u2019 olarak nitelendirdi. Dubai Emniyet M\u00fcd\u00fcr\u00fc Yard\u0131mc\u0131s\u0131 &hellip;<\/p>\n","protected":false},"author":1,"featured_media":22802,"comment_status":"closed","ping_status":"closed","sticky":false,"template":"","format":"standard","meta":{"footnotes":""},"categories":[458,459,447],"tags":[11163,11161,11162],"class_list":["post-22801","post","type-post","status-publish","format-standard","has-post-thumbnail","","category-dunya1","category-haberler-arap-uluslararasi-politika","category-politika","tag-barinip-egitildikleri-bir-teror-ussune-donusturdugunu-belirtti","tag-erdogan-turkiyeyi-sadece-gecit-degil","tag-tamamen-teror-ussune-donusturdu-dubai-birlesik-arap-emirliklerinden-dubai-emniyet-muduru-yardimcisi-dhahi-khalfantemim-ihvanci-recep-tayyip-erdoganin-turkiyeyi-sadece-teroristleri"],"_links":{"self":[{"href":"https:\/\/archive.sana.sy\/tr\/index.php?rest_route=\/wp\/v2\/posts\/22801","targetHints":{"allow":["GET"]}}],"collection":[{"href":"https:\/\/archive.sana.sy\/tr\/index.php?rest_route=\/wp\/v2\/posts"}],"about":[{"href":"https:\/\/archive.sana.sy\/tr\/index.php?rest_route=\/wp\/v2\/types\/post"}],"author":[{"embeddable":true,"href":"https:\/\/archive.sana.sy\/tr\/index.php?rest_route=\/wp\/v2\/users\/1"}],"replies":[{"embeddable":true,"href":"https:\/\/archive.sana.sy\/tr\/index.php?rest_route=%2Fwp%2Fv2%2Fcomments&post=22801"}],"version-history":[{"count":0,"href":"https:\/\/archive.sana.sy\/tr\/index.php?rest_route=\/wp\/v2\/posts\/22801\/revisions"}],"wp:featuredmedia":[{"embeddable":true,"href":"https:\/\/archive.sana.sy\/tr\/index.php?rest_route=\/wp\/v2\/media\/22802"}],"wp:attachment":[{"href":"https:\/\/archive.sana.sy\/tr\/index.php?rest_route=%2Fwp%2Fv2%2Fmedia&parent=22801"}],"wp:term":[{"taxonomy":"category","embeddable":true,"href":"https:\/\/archive.sana.sy\/tr\/index.php?rest_route=%2Fwp%2Fv2%2Fcategories&post=22801"},{"taxonomy":"post_tag","embeddable":true,"href":"https:\/\/archive.sana.sy\/tr\/index.php?rest_route=%2Fwp%2Fv2%2Ftags&post=22801"}],"curies":[{"name":"wp","href":"https:\/\/api.w.org\/{rel}","templated":true}]}}