{"id":228027,"date":"2021-02-05T23:37:20","date_gmt":"2021-02-05T21:37:20","guid":{"rendered":"http:\/\/107.6.182.27\/tr\/?p=228027"},"modified":"2021-02-06T08:08:36","modified_gmt":"2021-02-06T06:08:36","slug":"dsg-milislerinin-saldirisi-sonucunda-haseke-polisi-agir-yaralandi","status":"publish","type":"post","link":"https:\/\/archive.sana.sy\/tr\/?p=228027","title":{"rendered":"DSG Milislerinin Sald\u0131r\u0131s\u0131 Sonucunda Haseke Polisi A\u011f\u0131r Yaraland\u0131"},"content":{"rendered":"<p style=\"text-align: justify;\">HASEKE \u2013 Amerikan kuvvetlerine ba\u011fl\u0131 DSG milislerinin birinin noktalar\u0131nda birinde sald\u0131rmas\u0131 sonucunda Haseke kentinden bir polis a\u011f\u0131r yaraland\u0131.<\/p>\n<p style=\"text-align: justify;\">Haseke Sa\u011fl\u0131k M\u00fcd\u00fcr\u00fc Dr. \u0130sa Halaf SANA muhabirine a\u00e7\u0131klamas\u0131nda, Polis Hasan el H\u0131d\u0131r&#8217;\u0131n bu ak\u015fam Lulua Sa\u011fl\u0131k Merkezine, DSG milislerinden birinin kendilerine ba\u011fl\u0131 el Ne\u015fve noktas\u0131nda sald\u0131rmas\u0131 sonucunda ba\u015f\u0131ndan ve g\u00f6\u011fs\u00fcnden ald\u0131\u011f\u0131 yaralar sonras\u0131nda vard\u0131\u011f\u0131n\u0131 belirtti.<\/p>\n<p style=\"text-align: justify;\">Halaf, ald\u0131\u011f\u0131 a\u011f\u0131r yaralara nazaran polisin kente uzman hastanelerin birine nakledildi\u011fine i\u015faret etti.<\/p>\n","protected":false},"excerpt":{"rendered":"<p>HASEKE \u2013 Amerikan kuvvetlerine ba\u011fl\u0131 DSG milislerinin birinin noktalar\u0131nda birinde sald\u0131rmas\u0131 sonucunda Haseke kentinden bir polis a\u011f\u0131r yaraland\u0131. Haseke Sa\u011fl\u0131k M\u00fcd\u00fcr\u00fc Dr. \u0130sa Halaf SANA muhabirine a\u00e7\u0131klamas\u0131nda, Polis Hasan el H\u0131d\u0131r&#8217;\u0131n bu ak\u015fam Lulua Sa\u011fl\u0131k Merkezine, DSG milislerinden birinin kendilerine ba\u011fl\u0131 el Ne\u015fve noktas\u0131nda sald\u0131rmas\u0131 sonucunda ba\u015f\u0131ndan ve g\u00f6\u011fs\u00fcnden ald\u0131\u011f\u0131 yaralar sonras\u0131nda vard\u0131\u011f\u0131n\u0131 belirtti. Halaf, &hellip;<\/p>\n","protected":false},"author":1,"featured_media":228028,"comment_status":"closed","ping_status":"closed","sticky":false,"template":"","format":"standard","meta":{"footnotes":""},"categories":[479,575,17988,478],"tags":[],"class_list":["post-228027","post","type-post","status-publish","format-standard","has-post-thumbnail","","category-haberler-yerel","category-olaylar-ve-gercekler","category-son-haberler","category-yerel"],"_links":{"self":[{"href":"https:\/\/archive.sana.sy\/tr\/index.php?rest_route=\/wp\/v2\/posts\/228027","targetHints":{"allow":["GET"]}}],"collection":[{"href":"https:\/\/archive.sana.sy\/tr\/index.php?rest_route=\/wp\/v2\/posts"}],"about":[{"href":"https:\/\/archive.sana.sy\/tr\/index.php?rest_route=\/wp\/v2\/types\/post"}],"author":[{"embeddable":true,"href":"https:\/\/archive.sana.sy\/tr\/index.php?rest_route=\/wp\/v2\/users\/1"}],"replies":[{"embeddable":true,"href":"https:\/\/archive.sana.sy\/tr\/index.php?rest_route=%2Fwp%2Fv2%2Fcomments&post=228027"}],"version-history":[{"count":0,"href":"https:\/\/archive.sana.sy\/tr\/index.php?rest_route=\/wp\/v2\/posts\/228027\/revisions"}],"wp:featuredmedia":[{"embeddable":true,"href":"https:\/\/archive.sana.sy\/tr\/index.php?rest_route=\/wp\/v2\/media\/228028"}],"wp:attachment":[{"href":"https:\/\/archive.sana.sy\/tr\/index.php?rest_route=%2Fwp%2Fv2%2Fmedia&parent=228027"}],"wp:term":[{"taxonomy":"category","embeddable":true,"href":"https:\/\/archive.sana.sy\/tr\/index.php?rest_route=%2Fwp%2Fv2%2Fcategories&post=228027"},{"taxonomy":"post_tag","embeddable":true,"href":"https:\/\/archive.sana.sy\/tr\/index.php?rest_route=%2Fwp%2Fv2%2Ftags&post=228027"}],"curies":[{"name":"wp","href":"https:\/\/api.w.org\/{rel}","templated":true}]}}