{"id":228130,"date":"2021-02-08T13:11:11","date_gmt":"2021-02-08T11:11:11","guid":{"rendered":"http:\/\/107.6.182.27\/tr\/?p=228130"},"modified":"2021-02-09T08:18:07","modified_gmt":"2021-02-09T06:18:07","slug":"rakka-ve-deyrezzorda-yapilan-saldirilarla-dsg-milisleri-yeni-kayiplara-ugratildi","status":"publish","type":"post","link":"https:\/\/archive.sana.sy\/tr\/?p=228130","title":{"rendered":"Rakka ve Deyrezzor&#8217;da Yap\u0131lan Sald\u0131r\u0131larla DSG Milisleri Yeni Kay\u0131plara U\u011frat\u0131ld\u0131"},"content":{"rendered":"<p>RAKKA\/DEYREZZOR \u2013 El Cezire b\u00f6lgesinde Amerikan i\u015fgalinden destekli DSG milislerine kar\u015f\u0131 sald\u0131r\u0131lar devam edilirken, yeni sald\u0131r\u0131larda birka\u00e7 DSG militan\u0131 \u00f6l\u00fc ve yaral\u0131 d\u00fc\u015ft\u00fc.<\/p>\n<p>Deyrezzor k\u0131rsal\u0131ndan yerel kaynaklar SANA muhabirine; DSG milislerin varl\u0131\u011f\u0131n\u0131n halk taraf\u0131ndan reddedilmesine tan\u0131k olan \u015eahabat, Mheymediye ve \u015eiheyl beldelerinde milislere ait kontrol noktalar\u0131 ve hareket ettikleri eksenlerine kar\u015f\u0131 ger\u00e7ekle\u015ftirilen sald\u0131r\u0131lar sonucunda birka\u00e7 DSG militan\u0131n\u0131n \u00f6l\u00fc ve yaral\u0131 d\u00fc\u015ft\u00fc\u011f\u00fcn\u00fc belirtti.<\/p>\n<p>Rakka Kentinin bat\u0131s\u0131ndan kaynaklar ise, Keb\u015f \u011eerbi k\u00f6y\u00fcn\u00fcn civar\u0131nda DSG milislerinin yay\u0131ld\u0131klar\u0131 noktalara kar\u015f\u0131 makineli t\u00fcfeklerin kullan\u0131ld\u0131\u011f\u0131 sald\u0131r\u0131ya maruz kald\u0131klar\u0131n\u0131 ve bunun sonucunda iki DSG militan\u0131n\u0131n \u00f6ld\u00fcr\u00fcld\u00fc\u011f\u00fcn\u00fc tespit edildi\u011fini ve di\u011ferlerin yaraland\u0131\u011f\u0131n\u0131 belirtti.<\/p>\n<p>P.M.<\/p>\n","protected":false},"excerpt":{"rendered":"<p>RAKKA\/DEYREZZOR \u2013 El Cezire b\u00f6lgesinde Amerikan i\u015fgalinden destekli DSG milislerine kar\u015f\u0131 sald\u0131r\u0131lar devam edilirken, yeni sald\u0131r\u0131larda birka\u00e7 DSG militan\u0131 \u00f6l\u00fc ve yaral\u0131 d\u00fc\u015ft\u00fc. Deyrezzor k\u0131rsal\u0131ndan yerel kaynaklar SANA muhabirine; DSG milislerin varl\u0131\u011f\u0131n\u0131n halk taraf\u0131ndan reddedilmesine tan\u0131k olan \u015eahabat, Mheymediye ve \u015eiheyl beldelerinde milislere ait kontrol noktalar\u0131 ve hareket ettikleri eksenlerine kar\u015f\u0131 ger\u00e7ekle\u015ftirilen sald\u0131r\u0131lar sonucunda birka\u00e7 &hellip;<\/p>\n","protected":false},"author":1,"featured_media":228131,"comment_status":"closed","ping_status":"closed","sticky":false,"template":"","format":"standard","meta":{"footnotes":""},"categories":[479,575,17988,478],"tags":[],"class_list":["post-228130","post","type-post","status-publish","format-standard","has-post-thumbnail","","category-haberler-yerel","category-olaylar-ve-gercekler","category-son-haberler","category-yerel"],"_links":{"self":[{"href":"https:\/\/archive.sana.sy\/tr\/index.php?rest_route=\/wp\/v2\/posts\/228130","targetHints":{"allow":["GET"]}}],"collection":[{"href":"https:\/\/archive.sana.sy\/tr\/index.php?rest_route=\/wp\/v2\/posts"}],"about":[{"href":"https:\/\/archive.sana.sy\/tr\/index.php?rest_route=\/wp\/v2\/types\/post"}],"author":[{"embeddable":true,"href":"https:\/\/archive.sana.sy\/tr\/index.php?rest_route=\/wp\/v2\/users\/1"}],"replies":[{"embeddable":true,"href":"https:\/\/archive.sana.sy\/tr\/index.php?rest_route=%2Fwp%2Fv2%2Fcomments&post=228130"}],"version-history":[{"count":0,"href":"https:\/\/archive.sana.sy\/tr\/index.php?rest_route=\/wp\/v2\/posts\/228130\/revisions"}],"wp:featuredmedia":[{"embeddable":true,"href":"https:\/\/archive.sana.sy\/tr\/index.php?rest_route=\/wp\/v2\/media\/228131"}],"wp:attachment":[{"href":"https:\/\/archive.sana.sy\/tr\/index.php?rest_route=%2Fwp%2Fv2%2Fmedia&parent=228130"}],"wp:term":[{"taxonomy":"category","embeddable":true,"href":"https:\/\/archive.sana.sy\/tr\/index.php?rest_route=%2Fwp%2Fv2%2Fcategories&post=228130"},{"taxonomy":"post_tag","embeddable":true,"href":"https:\/\/archive.sana.sy\/tr\/index.php?rest_route=%2Fwp%2Fv2%2Ftags&post=228130"}],"curies":[{"name":"wp","href":"https:\/\/api.w.org\/{rel}","templated":true}]}}