{"id":228136,"date":"2021-02-08T13:44:28","date_gmt":"2021-02-08T11:44:28","guid":{"rendered":"http:\/\/107.6.182.27\/tr\/?p=228136"},"modified":"2021-02-09T16:30:46","modified_gmt":"2021-02-09T14:30:46","slug":"turk-isgaline-tabi-kiralik-teroristler-hasekede-24-koyu-elektrik-enerjisinden-33-gunden-beri-mahrum-ediyor","status":"publish","type":"post","link":"https:\/\/archive.sana.sy\/tr\/?p=228136","title":{"rendered":"T\u00fcrk \u0130\u015fgaline Tabi Kiral\u0131k Ter\u00f6ristler Haseke&#8217;de 24 K\u00f6y\u00fc Elektrik Enerjisinden 33 G\u00fcnden Beri Mahrum Ediyor"},"content":{"rendered":"<p>HASEKE \u2013 Tel Temr&#8217;in kuzey ve g\u00fcneybat\u0131 k\u0131rsal\u0131ndaki bir dizi k\u00f6y, \u015febekeye kas\u0131tl\u0131 olarak sald\u0131ran, trafolar\u0131 ve elektrik hatlar\u0131n\u0131 ya\u011fmalayan ve engelleyen T\u00fcrk i\u015fgaline tabi paral\u0131 ter\u00f6ristlerin su\u00e7 uygulamalar\u0131 nedeniyle bir aydan fazla s\u00fcredir devam eden elektrik kesintilerinden muzdarip kal\u0131yor.<\/p>\n<p>Haseke Elektrik Genel M\u00fcd\u00fcr\u00fc Enver el \u0130kle SANA muhabirine yapt\u0131\u011f\u0131 a\u00e7\u0131klamada; Tel Temr&#8217;in g\u00fcneybat\u0131 k\u0131rsal\u0131ndaki el Kozliye k\u00f6y\u00fc ve di\u011fer \u00fc\u00e7 k\u00f6y\u00fcn, T\u00fcrk i\u015fgal \u00e7etelerinin i\u015fgal etti\u011fi b\u00f6lgelerdeki Mabruke elektrik santralinin hatlar\u0131ndan gelen elektrik ak\u0131m\u0131 ile beslendiklerini belirtirken, &#8220;\u015eebekeler ve s\u00fctunlar gerektirdi\u011finden \u015fu anda Tel Temr istasyonundan beslenemiyor ve mevcut d\u00f6nemde kullan\u0131lam\u0131yor&#8221; dedi.<\/p>\n<p>Tel Temr&#8217;in kuzey k\u0131rsal\u0131ndaki elektrik durumu ile ilgili olarak \u0130kle, &#8220;T\u00fcrk i\u015fgali \u00e7etelerinin Tel Temr santraline d\u00fczenledi\u011fi sald\u0131r\u0131 ve onu besleyen gerilim hatlar\u0131n\u0131n hizmet d\u0131\u015f\u0131 kald\u0131klar\u0131 neticesinde, Tel Temr\u2019in kuzeyindeki 20 k\u00f6y\u00fcn ahalilerin ge\u00e7en Ocak ay\u0131n\u0131n 6&#8217;s\u0131ndan bu yana elektriksiz kald\u0131klar\u0131n\u0131&#8221; dile getirdi. \u0130kle, &#8220;T\u00fcrk i\u015fgaline tabi paral\u0131 ter\u00f6ristlerin bulundu\u011fu b\u00f6lgelere biti\u015fik olma riskinin y\u00fcksek olmas\u0131na ra\u011fmen hatalar\u0131 d\u00fczeltmek i\u00e7in tekrarlanan giri\u015fimler&#8221; oldu\u011funa dikkat \u00e7ekti.<\/p>\n<p>&nbsp;<\/p>\n","protected":false},"excerpt":{"rendered":"<p>HASEKE \u2013 Tel Temr&#8217;in kuzey ve g\u00fcneybat\u0131 k\u0131rsal\u0131ndaki bir dizi k\u00f6y, \u015febekeye kas\u0131tl\u0131 olarak sald\u0131ran, trafolar\u0131 ve elektrik hatlar\u0131n\u0131 ya\u011fmalayan ve engelleyen T\u00fcrk i\u015fgaline tabi paral\u0131 ter\u00f6ristlerin su\u00e7 uygulamalar\u0131 nedeniyle bir aydan fazla s\u00fcredir devam eden elektrik kesintilerinden muzdarip kal\u0131yor. Haseke Elektrik Genel M\u00fcd\u00fcr\u00fc Enver el \u0130kle SANA muhabirine yapt\u0131\u011f\u0131 a\u00e7\u0131klamada; Tel Temr&#8217;in g\u00fcneybat\u0131 k\u0131rsal\u0131ndaki &hellip;<\/p>\n","protected":false},"author":1,"featured_media":228137,"comment_status":"closed","ping_status":"closed","sticky":false,"template":"","format":"standard","meta":{"footnotes":""},"categories":[479,17988,2554,2555,478],"tags":[],"class_list":["post-228136","post","type-post","status-publish","format-standard","has-post-thumbnail","","category-haberler-yerel","category-son-haberler","category-suriye-ve-dunya","category-suriye-ve-turkiye","category-yerel"],"_links":{"self":[{"href":"https:\/\/archive.sana.sy\/tr\/index.php?rest_route=\/wp\/v2\/posts\/228136","targetHints":{"allow":["GET"]}}],"collection":[{"href":"https:\/\/archive.sana.sy\/tr\/index.php?rest_route=\/wp\/v2\/posts"}],"about":[{"href":"https:\/\/archive.sana.sy\/tr\/index.php?rest_route=\/wp\/v2\/types\/post"}],"author":[{"embeddable":true,"href":"https:\/\/archive.sana.sy\/tr\/index.php?rest_route=\/wp\/v2\/users\/1"}],"replies":[{"embeddable":true,"href":"https:\/\/archive.sana.sy\/tr\/index.php?rest_route=%2Fwp%2Fv2%2Fcomments&post=228136"}],"version-history":[{"count":0,"href":"https:\/\/archive.sana.sy\/tr\/index.php?rest_route=\/wp\/v2\/posts\/228136\/revisions"}],"wp:featuredmedia":[{"embeddable":true,"href":"https:\/\/archive.sana.sy\/tr\/index.php?rest_route=\/wp\/v2\/media\/228137"}],"wp:attachment":[{"href":"https:\/\/archive.sana.sy\/tr\/index.php?rest_route=%2Fwp%2Fv2%2Fmedia&parent=228136"}],"wp:term":[{"taxonomy":"category","embeddable":true,"href":"https:\/\/archive.sana.sy\/tr\/index.php?rest_route=%2Fwp%2Fv2%2Fcategories&post=228136"},{"taxonomy":"post_tag","embeddable":true,"href":"https:\/\/archive.sana.sy\/tr\/index.php?rest_route=%2Fwp%2Fv2%2Ftags&post=228136"}],"curies":[{"name":"wp","href":"https:\/\/api.w.org\/{rel}","templated":true}]}}