{"id":22829,"date":"2015-02-03T22:02:38","date_gmt":"2015-02-03T20:02:38","guid":{"rendered":"http:\/\/www.sana.sy\/tr\/?p=22829"},"modified":"2015-02-04T13:30:30","modified_gmt":"2015-02-04T11:30:30","slug":"dis-guclerin-patronajligindaki-teroristlerin-kayiplari-artiyor","status":"publish","type":"post","link":"https:\/\/archive.sana.sy\/tr\/?p=22829","title":{"rendered":"D\u0131\u015f G\u00fc\u00e7lerin Patronajl\u0131\u011f\u0131ndaki Ter\u00f6ristlerin Kay\u0131plar\u0131 Art\u0131yor"},"content":{"rendered":"<p>\u0130LLER \u2013 Suriye&#8217;nin her kar\u0131\u015f topra\u011f\u0131nda vatan egemenli\u011fi ve onurunu kahramanca savunan ordu birliklerimiz bug\u00fcn de muhtelif b\u00f6lgelerde d\u0131\u015f g\u00fc\u00e7lerin deste\u011fi ve patronajl\u0131\u011f\u0131ndaki hain ve tekfirci ter\u00f6r \u00e7etelerini b\u00fcy\u00fck kay\u0131plara u\u011fratmaya devam etti.<\/p>\n<p><span style=\"color: #0000ff\">Lazkiye K\u0131rsal\u0131nda Ara\u00e7 ve K\u00fcmelenme Yerleri \u0130mha Edildi<\/span><\/p>\n<p>Askeri kaynak ordu birliklerimizin Lazkiye k\u0131rsal\u0131n\u0131n Selma, Merc Hoha, Mecdel Kiyha ve Kensebba\u2019n\u0131n kuzeyinde ter\u00f6ristlerin karargah ve k\u00fcmelenme yerlerini top ate\u015fine tuttuklar\u0131n\u0131 belirtti.<\/p>\n<p>Kaynak operasyonlarda bir\u00e7ok arac\u0131n yan\u0131 s\u0131ra aralar\u0131nda yabanc\u0131lar\u0131n bulundu\u011fu \u00e7ok say\u0131da ter\u00f6risti etkisizle\u015ftirdiklerini aktard\u0131.<\/p>\n<p><span style=\"color: #0000ff\">Rakka&#8217;da Ara\u00e7 Konvoylar\u0131 \u0130mha Edildi<br \/>\n<\/span><\/p>\n<p>Askeri bir kaynak SANA\u2019ya a\u00e7\u0131klamas\u0131nda ordu birliklerimizin Rakka k\u0131rsal\u0131 Hazime K\u00f6y\u00fcnde ter\u00f6ristlere ait bir yuvay\u0131 muhtevalar\u0131yla imha ettiklerini ifade etti.<\/p>\n<p>Ordu birliklerimizin Rakka Kentinin kuzey kenarlar\u0131ndaki el Esediye K\u00f6pr\u00fcs\u00fcn\u00fcn civar\u0131nda ter\u00f6ristlerin bir ara\u00e7 konvoyunu etkisiz hale getirdiklerini s\u00f6yleyen kaynak; \u00e7ok say\u0131da ter\u00f6risti \u00f6l\u00fc ve yaral\u0131 d\u00fc\u015f\u00fcrd\u00fcklerini belirtti.<\/p>\n<p>Bu arada I\u015e\u0130D \u00d6rg\u00fct\u00fc \u00e7eteleri birka\u00e7 g\u00fcn \u00f6nce; T\u00fcrkiye&#8217;de kendilerine \u2018joker\u2019 ad\u0131n\u0131 veren T\u00fcrk arac\u0131lar\u0131n arac\u0131l\u0131\u011f\u0131 ile yine T\u00fcrk \u015firketlerden 200 ara\u00e7 teslim alm\u0131\u015ft\u0131. 5 bin arac\u0131n bir partisi say\u0131lan s\u00f6z konusu 200 ara\u00e7 T\u00fcrkiye&#8217;nin Reyhanl\u0131 B\u00f6lgesinden ge\u00e7irilerek I\u015e\u0130D \u00e7etelerine teslim edilmi\u015fti.<\/p>\n<p>Di\u011fer yandan I\u015e\u0130D yanl\u0131s\u0131 medya ara\u00e7lar\u0131; tekfirci ter\u00f6r \u00e7etelerinin yakla\u015f\u0131k bir y\u0131l \u00f6nce girip ahalisinin bir k\u0131sm\u0131n\u0131 tehcir etti\u011fi Rakka Kentinde bug\u00fcn 10 vatanda\u015f\u0131 idam etti\u011fini aktard\u0131.<\/p>\n<p>Rakka ahalisi ise I\u015e\u0130D ter\u00f6r \u00e7etelerinin b\u00f6lgede insanl\u0131k d\u0131\u015f\u0131 vah\u015fi eylemlerinde T\u00fcrkiye topraklar\u0131n\u0131 para ve cephane deste\u011finde \u00fcs olarak kulland\u0131\u011f\u0131na dikkat \u00e7ekerek; ihvanc\u0131 Erdo\u011fan rejiminin masum kanlar\u0131n ak\u0131t\u0131lmas\u0131ndaki rol\u00fcn\u00fc ifade etti.<\/p>\n<p><span style=\"color: #0000ff\">\u0130dlib K\u0131rsal\u0131nda \u00c7ok Say\u0131da Ter\u00f6rist \u00d6l\u00fc ve Yaral\u0131 D\u00fc\u015f\u00fcr\u00fcld\u00fc<\/span><\/p>\n<p>Askeri kaynak \u0130dlib k\u0131rsal\u0131 Cebel Ekrad, Ebu Zuhur, Tel Selmo ve el Hamidiye b\u00f6lgelerinde ter\u00f6ristlere kar\u015f\u0131 nitelikli operasyonlar\u0131n devam etmesiyle Nusra Cephesi ve Ahrar el \u015eam \u00e7etelerinden \u00e7ok say\u0131da ter\u00f6ristin \u00f6l\u00fc ve yaral\u0131 d\u00fc\u015f\u00fcr\u00fcld\u00fc\u011f\u00fcn\u00fc belirtti.<\/p>\n<p>Bu arada ordu birliklerimiz \u0130dlib iline tabi Cisr el \u015eu\u011fur k\u0131rsal\u0131nda mantar fabrikas\u0131 civar\u0131na ilaveten Han \u015eeyhun B\u00f6lgesinde ter\u00f6ristlerin ara\u00e7lar\u0131n\u0131 ve su\u00e7 edatlar\u0131n\u0131 imha edip \u00e7ok say\u0131da ter\u00f6risti \u00f6l\u00fc ve yaral\u0131 d\u00fc\u015f\u00fcrd\u00fc.<\/p>\n<p><span style=\"color: #0000ff\">Hama K\u0131rsal\u0131nda Silah ve M\u00fchimmatlar\u0131yla Birlikte Onlarca Ter\u00f6rist Etkisizle\u015ftirildi<\/span><\/p>\n<p>Di\u011fer yandan saha kaynaklar\u0131 ordu birliklerimizin Hama k\u0131rsal\u0131n\u0131n Selemiye B\u00f6lgesine tabi Ukeribbat Nahiyesine d\u00fc\u015fen Cruh, Adle ve Ruveyda k\u00f6ylerinde ter\u00f6ristlerin yuva ve k\u00fcmelenme yerlerini hedef ald\u0131klar\u0131n\u0131 aktard\u0131.<\/p>\n<p>Kaynak operasyonlarda silah ve m\u00fchimmatlar\u0131yla birlikte \u00e7ok say\u0131da ter\u00f6ristin etkisizle\u015ftirdi\u011fine dikkat \u00e7ekti.<\/p>\n<p>Ordu birliklerimiz Selemiye k\u0131rsal\u0131n\u0131n M\u0131ntar K\u00f6y\u00fcnde ise ter\u00f6r \u00e7etelerini say\u0131 ve m\u00fchimmatlar\u0131yla b\u00fcy\u00fck kay\u0131plara u\u011fratt\u0131.<\/p>\n<p><span style=\"color: #0000ff\">Deyrezzor ve K\u0131rsal\u0131nda Onlarca Ter\u00f6rist Ara\u00e7lar\u0131yla Etkisizle\u015ftirildi<\/span><\/p>\n<p>Askeri kaynak; ordu birliklerimizin Deyrezzor k\u0131rsal\u0131 Cafra ve Mureyiye k\u00f6ylerinde I\u015e\u0130D \u00e7etelerinin ara\u00e7 ve edatlar\u0131n\u0131 imha edip onlarca ter\u00f6risti \u00f6ld\u00fcrd\u00fcklerini ifade etti.<\/p>\n<p>Ordu birliklerimizin halk savunma g\u00fc\u00e7leri ile i\u015fbirli\u011fi i\u00e7inde Deyrezzor iline tabi Meyedin B\u00f6lgesinde Ziraat Bankas\u0131 Kav\u015fa\u011f\u0131nda I\u015e\u0130D\u2019li 2 ter\u00f6risti \u00f6ld\u00fcrd\u00fc\u011f\u00fcn\u00fc aktaran kaynak; buna e\u015f zamanl\u0131 olarak Muhasan Beldesinin ter\u00f6ristlerden kurtar\u0131lmas\u0131na haz\u0131rl\u0131k operasyonlar\u0131nda beldenin giri\u015fini kontrol\u00fcne ald\u0131klar\u0131n\u0131 belirtti.<\/p>\n<p>Bu arada ter\u00f6r \u00e7eteleri sosyal medya ara\u00e7lar\u0131nda I\u015e\u0130D \u00d6rg\u00fct\u00fcn\u00fcn s\u00f6zde \u2018Silahlanma Emiri\u2019 Irakl\u0131 \u2018Ebu Kadara\u2019 kod adl\u0131 \u00e7ete eleba\u015f\u0131n\u0131n \u00f6ld\u00fc\u011f\u00fcn\u00fc belirtirken, \u00f6rg\u00fct\u00fcn \u2018Hesba Emiri\u2019 olarak bilinen Suudi Arabistanl\u0131 \u2018Ebu Abdullah\u2019\u0131n T\u00fcrkiye&#8217;ye ka\u00e7t\u0131\u011f\u0131n\u0131 aktard\u0131.<\/p>\n<p>Medya kaynaklar\u0131nda d\u00fcn de I\u015e\u0130D \u00e7etelerinin s\u00f6zde \u2018Emlak Emiri\u2019 olarak adland\u0131r\u0131lan \u00c7e\u00e7enistanl\u0131 \u2018Ebu \u0130slam\u2019 kod adl\u0131 \u00e7ete eleba\u015f\u0131n\u0131n bir\u00e7ok yabanc\u0131 ter\u00f6ristle birlikte yine T\u00fcrkiye&#8217;ye ka\u00e7t\u0131klar\u0131n\u0131 belirtti.<\/p>\n<p><span style=\"color: #0000ff\">Homs K\u0131rsal\u0131nda Ara\u00e7lar\u0131 ve Yuvalar\u0131 \u0130mha Edildi<\/span><\/p>\n<p>Kaynak; ordu birliklerimizin Homs k\u0131rsal\u0131 M\u015feyrfe do\u011fusu ve Um el Ri\u015f k\u00f6ylerinde ter\u00f6r \u00e7etelerin yuva ve k\u00fcmelenme yerlerini hedef almalar\u0131yla a\u011f\u0131r makineli silahla donat\u0131lm\u0131\u015f bir ara\u00e7 ele ge\u00e7irip \u00e7ok say\u0131da ter\u00f6risti \u00f6l\u00fc ve yaral\u0131 d\u00fc\u015f\u00fcrd\u00fcklerini s\u00f6yledi.<\/p>\n<p>Homs k\u0131rsal\u0131n\u0131n do\u011fusunda Mesada, Um Sehric, Kuzey ve G\u00fcney M\u015feyrfe, Unk Hava, Ebu Creys, Tafha, Menoh, Ebu Tarha ve Rhum b\u00f6lgelerinde ter\u00f6ristlerin ara\u00e7lar\u0131 ve yuvalar\u0131 muhtevalar\u0131yla ordu birliklerimiz taraf\u0131ndan etkisiz hale getirildi.<\/p>\n<p>\u00d6te yandan ordu birliklerimiz Homs k\u0131rsal\u0131 Tel Ebu Senesil, Hav\u015f Cebborin, Hilaliye, Vaera, Keysin ve \u011eanto b\u00f6lgelerinde \u2018Nusra Cephesi\u2019, \u2018Homs Kolordusu\u2019 ve \u2018Faruk Taburu\u2019 adlar\u0131yla bilinen \u00e7etelerden onlarca ter\u00f6risti \u00f6l\u00fc ve yaral\u0131 d\u00fc\u015f\u00fcr\u00fcp a\u011f\u0131r makineli silahla donat\u0131lm\u0131\u015f birka\u00e7 arac\u0131 imha etti.<\/p>\n<p>M.M. &#8211; A.A.<\/p>\n<p>&nbsp;<\/p>\n","protected":false},"excerpt":{"rendered":"<p>\u0130LLER \u2013 Suriye&#8217;nin her kar\u0131\u015f topra\u011f\u0131nda vatan egemenli\u011fi ve onurunu kahramanca savunan ordu birliklerimiz bug\u00fcn de muhtelif b\u00f6lgelerde d\u0131\u015f g\u00fc\u00e7lerin deste\u011fi ve patronajl\u0131\u011f\u0131ndaki hain ve tekfirci ter\u00f6r \u00e7etelerini b\u00fcy\u00fck kay\u0131plara u\u011fratmaya devam etti. Lazkiye K\u0131rsal\u0131nda Ara\u00e7 ve K\u00fcmelenme Yerleri \u0130mha Edildi Askeri kaynak ordu birliklerimizin Lazkiye k\u0131rsal\u0131n\u0131n Selma, Merc Hoha, Mecdel Kiyha ve Kensebba\u2019n\u0131n kuzeyinde &hellip;<\/p>\n","protected":false},"author":1,"featured_media":22832,"comment_status":"closed","ping_status":"closed","sticky":false,"template":"","format":"standard","meta":{"footnotes":""},"categories":[575],"tags":[11171,11170],"class_list":["post-22829","post","type-post","status-publish","format-standard","has-post-thumbnail","","category-olaylar-ve-gercekler","tag-dis-guclerin-patronajligindaki-teroristlerin-kayiplari-artiyor","tag-iller-suriyenin-her-karis-topraginda-vatan-egemenligi-ve-onurunu-kahramanca-savunan-ordu-birliklerimiz-bugun-de-muhtelif-bolgelerde-dis-guclerin-destegi-ve-patronajligindaki-hain-ve-tekfirc"],"_links":{"self":[{"href":"https:\/\/archive.sana.sy\/tr\/index.php?rest_route=\/wp\/v2\/posts\/22829","targetHints":{"allow":["GET"]}}],"collection":[{"href":"https:\/\/archive.sana.sy\/tr\/index.php?rest_route=\/wp\/v2\/posts"}],"about":[{"href":"https:\/\/archive.sana.sy\/tr\/index.php?rest_route=\/wp\/v2\/types\/post"}],"author":[{"embeddable":true,"href":"https:\/\/archive.sana.sy\/tr\/index.php?rest_route=\/wp\/v2\/users\/1"}],"replies":[{"embeddable":true,"href":"https:\/\/archive.sana.sy\/tr\/index.php?rest_route=%2Fwp%2Fv2%2Fcomments&post=22829"}],"version-history":[{"count":0,"href":"https:\/\/archive.sana.sy\/tr\/index.php?rest_route=\/wp\/v2\/posts\/22829\/revisions"}],"wp:featuredmedia":[{"embeddable":true,"href":"https:\/\/archive.sana.sy\/tr\/index.php?rest_route=\/wp\/v2\/media\/22832"}],"wp:attachment":[{"href":"https:\/\/archive.sana.sy\/tr\/index.php?rest_route=%2Fwp%2Fv2%2Fmedia&parent=22829"}],"wp:term":[{"taxonomy":"category","embeddable":true,"href":"https:\/\/archive.sana.sy\/tr\/index.php?rest_route=%2Fwp%2Fv2%2Fcategories&post=22829"},{"taxonomy":"post_tag","embeddable":true,"href":"https:\/\/archive.sana.sy\/tr\/index.php?rest_route=%2Fwp%2Fv2%2Ftags&post=22829"}],"curies":[{"name":"wp","href":"https:\/\/api.w.org\/{rel}","templated":true}]}}