{"id":228364,"date":"2021-02-13T12:09:48","date_gmt":"2021-02-13T10:09:48","guid":{"rendered":"http:\/\/107.6.182.27\/tr\/?p=228364"},"modified":"2021-02-14T11:46:09","modified_gmt":"2021-02-14T09:46:09","slug":"halep-kirsalinda-bomba-yuklu-bir-arac-patladi-birkac-sivil-sehit-ve-yarali-dustu","status":"publish","type":"post","link":"https:\/\/archive.sana.sy\/tr\/?p=228364","title":{"rendered":"Halep K\u0131rsal\u0131nda Bomba Y\u00fckl\u00fc Bir Ara\u00e7 Patlad\u0131, 2 Sivil \u015eehit, 12 Sivil de Yaral\u0131"},"content":{"rendered":"<p>HALEP \u2013 \u0130\u015fgalci T\u00fcrk g\u00fc\u00e7lerinin kiral\u0131k ter\u00f6ristlerin konu\u015fland\u0131\u011f\u0131 Halep k\u0131rsal\u0131n\u0131n kuzeydo\u011fusunda yer alan el Raai beldesinde, bomba y\u00fckl\u00fc bir arac\u0131n patlams\u0131 sonucunda 2 sivil \u015fehit d\u00fc\u015ft\u00fc, 12 sivil de yaraland\u0131.<\/p>\n<p>Yerel kaynaklar SANA muhabirine, Halep k\u0131rsal\u0131n\u0131n kuzeydo\u011fusunda yer alan el Bab b\u00f6lgesine tabi el Raai beldesinde, bomba y\u00fckl\u00fc bir arac\u0131n patlamas\u0131 sonucunda 2 sivilin \u015fehit d\u00fc\u015ft\u00fc\u011f\u00fcn\u00fc, 12 sivilin de yaraland\u0131\u011f\u0131n\u0131 belirtti.<\/p>\n<p>Kaynaklar, olay yerinde de maddi hasarlara yol a\u00e7t\u0131\u011f\u0131na i\u015faret etti.<\/p>\n<p>\u00c7eviri: M.Y<\/p>\n","protected":false},"excerpt":{"rendered":"<p>HALEP \u2013 \u0130\u015fgalci T\u00fcrk g\u00fc\u00e7lerinin kiral\u0131k ter\u00f6ristlerin konu\u015fland\u0131\u011f\u0131 Halep k\u0131rsal\u0131n\u0131n kuzeydo\u011fusunda yer alan el Raai beldesinde, bomba y\u00fckl\u00fc bir arac\u0131n patlams\u0131 sonucunda 2 sivil \u015fehit d\u00fc\u015ft\u00fc, 12 sivil de yaraland\u0131. Yerel kaynaklar SANA muhabirine, Halep k\u0131rsal\u0131n\u0131n kuzeydo\u011fusunda yer alan el Bab b\u00f6lgesine tabi el Raai beldesinde, bomba y\u00fckl\u00fc bir arac\u0131n patlamas\u0131 sonucunda 2 sivilin \u015fehit &hellip;<\/p>\n","protected":false},"author":36,"featured_media":228398,"comment_status":"closed","ping_status":"closed","sticky":false,"template":"","format":"standard","meta":{"footnotes":""},"categories":[479,575,17988,2554,2555,478],"tags":[],"class_list":["post-228364","post","type-post","status-publish","format-standard","has-post-thumbnail","","category-haberler-yerel","category-olaylar-ve-gercekler","category-son-haberler","category-suriye-ve-dunya","category-suriye-ve-turkiye","category-yerel"],"_links":{"self":[{"href":"https:\/\/archive.sana.sy\/tr\/index.php?rest_route=\/wp\/v2\/posts\/228364","targetHints":{"allow":["GET"]}}],"collection":[{"href":"https:\/\/archive.sana.sy\/tr\/index.php?rest_route=\/wp\/v2\/posts"}],"about":[{"href":"https:\/\/archive.sana.sy\/tr\/index.php?rest_route=\/wp\/v2\/types\/post"}],"author":[{"embeddable":true,"href":"https:\/\/archive.sana.sy\/tr\/index.php?rest_route=\/wp\/v2\/users\/36"}],"replies":[{"embeddable":true,"href":"https:\/\/archive.sana.sy\/tr\/index.php?rest_route=%2Fwp%2Fv2%2Fcomments&post=228364"}],"version-history":[{"count":0,"href":"https:\/\/archive.sana.sy\/tr\/index.php?rest_route=\/wp\/v2\/posts\/228364\/revisions"}],"wp:featuredmedia":[{"embeddable":true,"href":"https:\/\/archive.sana.sy\/tr\/index.php?rest_route=\/wp\/v2\/media\/228398"}],"wp:attachment":[{"href":"https:\/\/archive.sana.sy\/tr\/index.php?rest_route=%2Fwp%2Fv2%2Fmedia&parent=228364"}],"wp:term":[{"taxonomy":"category","embeddable":true,"href":"https:\/\/archive.sana.sy\/tr\/index.php?rest_route=%2Fwp%2Fv2%2Fcategories&post=228364"},{"taxonomy":"post_tag","embeddable":true,"href":"https:\/\/archive.sana.sy\/tr\/index.php?rest_route=%2Fwp%2Fv2%2Ftags&post=228364"}],"curies":[{"name":"wp","href":"https:\/\/api.w.org\/{rel}","templated":true}]}}