{"id":22838,"date":"2015-02-03T22:12:54","date_gmt":"2015-02-03T20:12:54","guid":{"rendered":"http:\/\/www.sana.sy\/tr\/?p=22838"},"modified":"2015-02-03T22:12:54","modified_gmt":"2015-02-03T20:12:54","slug":"isid-urdunlu-pilotu-yakarak-oldurdugunu-ilan-etti","status":"publish","type":"post","link":"https:\/\/archive.sana.sy\/tr\/?p=22838","title":{"rendered":"I\u015e\u0130D, \u00dcrd\u00fcnl\u00fc Pilotu Yakarak \u00d6ld\u00fcrd\u00fc\u011f\u00fcn\u00fc \u0130lan Etti"},"content":{"rendered":"<p>BEYRUT \u2013 I\u015e\u0130D ter\u00f6r \u00f6rg\u00fct\u00fc \u00dcrd\u00fcnl\u00fc pilot Muaz el Kesasibe\u2019yi canl\u0131 canl\u0131 yakarak infaz etti\u011fini \u00f6ne s\u00fcren bir video payla\u015ft\u0131.<\/p>\n<p>I\u015e\u0130D \u00e7eteleri; ABD komutas\u0131ndaki koalisyon u\u00e7aklar\u0131n\u0131n Rakka\u2019da I\u015e\u0130D mevkilerini hedef ald\u0131klar\u0131 s\u0131rada d\u00fc\u015fen \u00dcrd\u00fcnl\u00fc u\u00e7a\u011f\u0131n pilotunu esir alm\u0131\u015ft\u0131.<\/p>\n<p>AFP\u2019nin aktard\u0131\u011f\u0131 haberde I\u015e\u0130D; \u00dcrd\u00fcnl\u00fc pilotun yak\u0131ld\u0131\u011f\u0131n\u0131 g\u00f6r\u00fcnt\u00fcleyen videoda koalisyonda g\u00f6rev yapan t\u00fcm pilotlar\u0131n \u00f6ld\u00fcr\u00fclmesi \u00e7a\u011fr\u0131s\u0131nda bulundu.<\/p>\n<p>\u00dcrd\u00fcn medyas\u0131n\u0131n aktard\u0131\u011f\u0131 haberlerde Pilot Kesasibe\u2019nin ailesi o\u011fullar\u0131n\u0131n I\u015e\u0130D taraf\u0131ndan \u00f6ld\u00fcr\u00fclmesi sorumlulu\u011funu \u00dcrd\u00fcn krall\u0131k rejimine y\u00fckleyerek, bu duruma sessiz kalmama tahditlerinde bulundu.<\/p>\n<p>Tekfirci ter\u00f6r \u00f6rg\u00fct\u00fc \u00dcrd\u00fcnl\u00fc pilotu serbest b\u0131rakmak i\u00e7in \u00dcrd\u00fcn cezaevlerinde tutuklu bulunan Sacide el Riy\u015favi\u2019nin serbest b\u0131rak\u0131lmas\u0131n\u0131 talep etmi\u015fti. I\u015e\u0130D \u00f6rg\u00fct\u00fcn\u00fcn lideri Ebu Bekir el Ba\u011fdadi\u2019nin yak\u0131n\u0131 \u00f6ne s\u00fcr\u00fclen Riy\u015favi\u2019nin serbest b\u0131rak\u0131lmas\u0131 i\u00e7in yap\u0131lan temaslar ba\u015far\u0131s\u0131zl\u0131kla sonu\u00e7lanm\u0131\u015ft\u0131.<\/p>\n<p>I\u015e\u0130D\u2019in bug\u00fcn \u00dcrd\u00fcnl\u00fc Pilot Muaz el Kesasibe\u2019yi idam eden bir g\u00f6r\u00fcnt\u00fc yay\u0131nlamas\u0131 ard\u0131ndan \u00dcrd\u00fcn otoriteleri Irak vatanda\u015f\u0131 Sacide el Riy\u015favi\u2019yi yar\u0131n sabah \u015fafak vaktinde idam edece\u011fini ilan etti.<\/p>\n<p>A.A.<\/p>\n","protected":false},"excerpt":{"rendered":"<p>BEYRUT \u2013 I\u015e\u0130D ter\u00f6r \u00f6rg\u00fct\u00fc \u00dcrd\u00fcnl\u00fc pilot Muaz el Kesasibe\u2019yi canl\u0131 canl\u0131 yakarak infaz etti\u011fini \u00f6ne s\u00fcren bir video payla\u015ft\u0131. I\u015e\u0130D \u00e7eteleri; ABD komutas\u0131ndaki koalisyon u\u00e7aklar\u0131n\u0131n Rakka\u2019da I\u015e\u0130D mevkilerini hedef ald\u0131klar\u0131 s\u0131rada d\u00fc\u015fen \u00dcrd\u00fcnl\u00fc u\u00e7a\u011f\u0131n pilotunu esir alm\u0131\u015ft\u0131. AFP\u2019nin aktard\u0131\u011f\u0131 haberde I\u015e\u0130D; \u00dcrd\u00fcnl\u00fc pilotun yak\u0131ld\u0131\u011f\u0131n\u0131 g\u00f6r\u00fcnt\u00fcleyen videoda koalisyonda g\u00f6rev yapan t\u00fcm pilotlar\u0131n \u00f6ld\u00fcr\u00fclmesi \u00e7a\u011fr\u0131s\u0131nda bulundu. &hellip;<\/p>\n","protected":false},"author":1,"featured_media":22839,"comment_status":"closed","ping_status":"closed","sticky":false,"template":"","format":"standard","meta":{"footnotes":""},"categories":[458,459,447],"tags":[2318,11172],"class_list":["post-22838","post","type-post","status-publish","format-standard","has-post-thumbnail","","category-dunya1","category-haberler-arap-uluslararasi-politika","category-politika","tag-isid","tag-urdunlu-pilotu-yakarak-oldurdugunu-ilan-etti-beyrut-isid-teror-orgutu-urdunlu-pilot-muaz-el-kesasibeyi-canli-canli-yakarak-infaz-ettigini-one-suren-bir-video-paylasti"],"_links":{"self":[{"href":"https:\/\/archive.sana.sy\/tr\/index.php?rest_route=\/wp\/v2\/posts\/22838","targetHints":{"allow":["GET"]}}],"collection":[{"href":"https:\/\/archive.sana.sy\/tr\/index.php?rest_route=\/wp\/v2\/posts"}],"about":[{"href":"https:\/\/archive.sana.sy\/tr\/index.php?rest_route=\/wp\/v2\/types\/post"}],"author":[{"embeddable":true,"href":"https:\/\/archive.sana.sy\/tr\/index.php?rest_route=\/wp\/v2\/users\/1"}],"replies":[{"embeddable":true,"href":"https:\/\/archive.sana.sy\/tr\/index.php?rest_route=%2Fwp%2Fv2%2Fcomments&post=22838"}],"version-history":[{"count":0,"href":"https:\/\/archive.sana.sy\/tr\/index.php?rest_route=\/wp\/v2\/posts\/22838\/revisions"}],"wp:featuredmedia":[{"embeddable":true,"href":"https:\/\/archive.sana.sy\/tr\/index.php?rest_route=\/wp\/v2\/media\/22839"}],"wp:attachment":[{"href":"https:\/\/archive.sana.sy\/tr\/index.php?rest_route=%2Fwp%2Fv2%2Fmedia&parent=22838"}],"wp:term":[{"taxonomy":"category","embeddable":true,"href":"https:\/\/archive.sana.sy\/tr\/index.php?rest_route=%2Fwp%2Fv2%2Fcategories&post=22838"},{"taxonomy":"post_tag","embeddable":true,"href":"https:\/\/archive.sana.sy\/tr\/index.php?rest_route=%2Fwp%2Fv2%2Ftags&post=22838"}],"curies":[{"name":"wp","href":"https:\/\/api.w.org\/{rel}","templated":true}]}}