{"id":22846,"date":"2015-02-04T09:23:35","date_gmt":"2015-02-04T07:23:35","guid":{"rendered":"http:\/\/www.sana.sy\/tr\/?p=22846"},"modified":"2015-02-04T09:23:35","modified_gmt":"2015-02-04T07:23:35","slug":"kadiri-suriyede-herhangi-bir-tarimsal-ya-da-hayvansal-salgin-yoktur","status":"publish","type":"post","link":"https:\/\/archive.sana.sy\/tr\/?p=22846","title":{"rendered":"Kadiri: Suriye&#8217;de Herhangi Bir Tar\u0131msal Ya Da Hayvansal Salg\u0131n Yoktur"},"content":{"rendered":"<p>\u015eAM \u2013 Ziraat ve Tar\u0131m Islah\u0131 Bakan\u0131 Ahmet el Kadiri, D\u00fcnya Tar\u0131m ve G\u0131da \u00d6rg\u00fct\u00fcnden uzmanlar\u0131n yapt\u0131klar\u0131 incelemeler sonucunda Suriye&#8217;de herhangi bir bitkisel ya da hayvansal salg\u0131n bulunmad\u0131\u011f\u0131n\u0131n anla\u015f\u0131ld\u0131\u011f\u0131n\u0131 ifade etti.<\/p>\n<p>Tar\u0131m Odalar\u0131 Birli\u011fi \u00dcyeleri ve Tar\u0131m Odalar\u0131 Ba\u015fkanlar\u0131 ile d\u00fcn bir toplant\u0131 d\u00fczenleyen Kadiri; Tar\u0131m Odalar\u0131 Birli\u011finin \u00fclkede \u00fcretilen tar\u0131m \u00fcr\u00fcnlerinin geli\u015ftirilmesi, tan\u0131t\u0131m\u0131 ve pazarlanmas\u0131ndaki misyonuna i\u015faret ederek \u00fclkedeki hayvanc\u0131l\u0131\u011f\u0131n uluslararas\u0131 standartlarla uyumunu sa\u011flamak amac\u0131yla yeti\u015ftirilen hayvanlar\u0131n say\u0131m ve kay\u0131t \u00e7al\u0131\u015fmalar\u0131n\u0131n ba\u015flad\u0131\u011f\u0131n\u0131 belirtti.<\/p>\n<p>\u00d6te yandan Tar\u0131m Odalar\u0131 Birli\u011fi Ba\u015fkanl\u0131 Muhammet Ke\u015fto, Bakanl\u0131k ile Tar\u0131m Odalar\u0131 Birli\u011fi aras\u0131ndaki i\u015fbirli\u011finin tar\u0131msal ihtiya\u00e7 ve \u00fcr\u00fcnlerin b\u00fct\u00fcn b\u00f6lgelere ula\u015ft\u0131r\u0131lmas\u0131 y\u00f6n\u00fcnden b\u00fcy\u00fck bir \u00f6nem ta\u015f\u0131d\u0131\u011f\u0131na i\u015faret ederek hayvanc\u0131l\u0131k ve tar\u0131m \u00fcretiminde kar\u015f\u0131la\u015f\u0131lan zorluklar hakk\u0131nda bilgi verdi.<\/p>\n<p>F.B &#8211; S.\u015e<\/p>\n","protected":false},"excerpt":{"rendered":"<p>\u015eAM \u2013 Ziraat ve Tar\u0131m Islah\u0131 Bakan\u0131 Ahmet el Kadiri, D\u00fcnya Tar\u0131m ve G\u0131da \u00d6rg\u00fct\u00fcnden uzmanlar\u0131n yapt\u0131klar\u0131 incelemeler sonucunda Suriye&#8217;de herhangi bir bitkisel ya da hayvansal salg\u0131n bulunmad\u0131\u011f\u0131n\u0131n anla\u015f\u0131ld\u0131\u011f\u0131n\u0131 ifade etti. Tar\u0131m Odalar\u0131 Birli\u011fi \u00dcyeleri ve Tar\u0131m Odalar\u0131 Ba\u015fkanlar\u0131 ile d\u00fcn bir toplant\u0131 d\u00fczenleyen Kadiri; Tar\u0131m Odalar\u0131 Birli\u011finin \u00fclkede \u00fcretilen tar\u0131m \u00fcr\u00fcnlerinin geli\u015ftirilmesi, tan\u0131t\u0131m\u0131 ve &hellip;<\/p>\n","protected":false},"author":1,"featured_media":22847,"comment_status":"closed","ping_status":"closed","sticky":false,"template":"","format":"standard","meta":{"footnotes":""},"categories":[479,478],"tags":[11173],"class_list":["post-22846","post","type-post","status-publish","format-standard","has-post-thumbnail","","category-haberler-yerel","category-yerel","tag-kadiri-suriyede-herhangi-bir-tarimsal-ya-da-hayvansal-salgin-yoktur"],"_links":{"self":[{"href":"https:\/\/archive.sana.sy\/tr\/index.php?rest_route=\/wp\/v2\/posts\/22846","targetHints":{"allow":["GET"]}}],"collection":[{"href":"https:\/\/archive.sana.sy\/tr\/index.php?rest_route=\/wp\/v2\/posts"}],"about":[{"href":"https:\/\/archive.sana.sy\/tr\/index.php?rest_route=\/wp\/v2\/types\/post"}],"author":[{"embeddable":true,"href":"https:\/\/archive.sana.sy\/tr\/index.php?rest_route=\/wp\/v2\/users\/1"}],"replies":[{"embeddable":true,"href":"https:\/\/archive.sana.sy\/tr\/index.php?rest_route=%2Fwp%2Fv2%2Fcomments&post=22846"}],"version-history":[{"count":0,"href":"https:\/\/archive.sana.sy\/tr\/index.php?rest_route=\/wp\/v2\/posts\/22846\/revisions"}],"wp:featuredmedia":[{"embeddable":true,"href":"https:\/\/archive.sana.sy\/tr\/index.php?rest_route=\/wp\/v2\/media\/22847"}],"wp:attachment":[{"href":"https:\/\/archive.sana.sy\/tr\/index.php?rest_route=%2Fwp%2Fv2%2Fmedia&parent=22846"}],"wp:term":[{"taxonomy":"category","embeddable":true,"href":"https:\/\/archive.sana.sy\/tr\/index.php?rest_route=%2Fwp%2Fv2%2Fcategories&post=22846"},{"taxonomy":"post_tag","embeddable":true,"href":"https:\/\/archive.sana.sy\/tr\/index.php?rest_route=%2Fwp%2Fv2%2Ftags&post=22846"}],"curies":[{"name":"wp","href":"https:\/\/api.w.org\/{rel}","templated":true}]}}