{"id":228470,"date":"2021-02-15T12:00:24","date_gmt":"2021-02-15T10:00:24","guid":{"rendered":"http:\/\/107.6.182.27\/tr\/?p=228470"},"modified":"2021-02-15T12:00:52","modified_gmt":"2021-02-15T10:00:52","slug":"saglik-bakanligi-79-sifa-yeni-43-koronavirus-3-de-vefat-vakasi-kaydedildi-2","status":"publish","type":"post","link":"https:\/\/archive.sana.sy\/tr\/?p=228470","title":{"rendered":"Sa\u011fl\u0131k Bakanl\u0131\u011f\u0131: 79 \u015eifa, Yeni 43 Koronavir\u00fcs, 3 De Vefat Vakas\u0131 Kaydedildi"},"content":{"rendered":"<p style=\"text-align: justify;\">\u015eAM \u2013 Sa\u011fl\u0131k Bakanl\u0131\u011f\u0131 d\u00fcn ak\u015fam Suriye&#8217;de 79 \u015fifa vakas\u0131na kar\u015f\u0131l\u0131k 43 koronavir\u00fcs vakas\u0131n\u0131n kaydedildi\u011fini 3 vakan\u0131n da vefat etti\u011fini ilan etti.<\/p>\n<p style=\"text-align: justify;\">Sa\u011fl\u0131k Bakanl\u0131\u011f\u0131n\u0131n yay\u0131nlad\u0131\u011f\u0131 ve SANA&#8217;n\u0131n bir n\u00fcshas\u0131n\u0131 ald\u0131\u011f\u0131 beyanda, Suriye\u2019de tescil edilen vaka say\u0131s\u0131n\u0131n bug\u00fcne kadar 14863 vakaya y\u00fckseldi\u011fini, bunlardan 8679 vakan\u0131n \u015fifa buldu\u011funu, 978 vakan\u0131n da vefat etti\u011fini a\u00e7\u0131klad\u0131.<\/p>\n<p style=\"text-align: justify;\">Suriye&#8217;de ilk Koronavir\u00fcs vakas\u0131 22 Mart 2020&#8217;de yurt d\u0131\u015f\u0131ndan gelen bir vatanda\u015f \u00fczerinde kaydedilmi\u015f ilk vefat vakas\u0131 ise ayn\u0131 ay\u0131n 29&#8217;unda tescil edilmi\u015fti.<\/p>\n","protected":false},"excerpt":{"rendered":"<p>\u015eAM \u2013 Sa\u011fl\u0131k Bakanl\u0131\u011f\u0131 d\u00fcn ak\u015fam Suriye&#8217;de 79 \u015fifa vakas\u0131na kar\u015f\u0131l\u0131k 43 koronavir\u00fcs vakas\u0131n\u0131n kaydedildi\u011fini 3 vakan\u0131n da vefat etti\u011fini ilan etti. Sa\u011fl\u0131k Bakanl\u0131\u011f\u0131n\u0131n yay\u0131nlad\u0131\u011f\u0131 ve SANA&#8217;n\u0131n bir n\u00fcshas\u0131n\u0131 ald\u0131\u011f\u0131 beyanda, Suriye\u2019de tescil edilen vaka say\u0131s\u0131n\u0131n bug\u00fcne kadar 14863 vakaya y\u00fckseldi\u011fini, bunlardan 8679 vakan\u0131n \u015fifa buldu\u011funu, 978 vakan\u0131n da vefat etti\u011fini a\u00e7\u0131klad\u0131. Suriye&#8217;de ilk Koronavir\u00fcs &hellip;<\/p>\n","protected":false},"author":1,"featured_media":228471,"comment_status":"closed","ping_status":"closed","sticky":false,"template":"","format":"standard","meta":{"footnotes":""},"categories":[1],"tags":[],"class_list":["post-228470","post","type-post","status-publish","format-standard","has-post-thumbnail","","category-news-not-sorted"],"_links":{"self":[{"href":"https:\/\/archive.sana.sy\/tr\/index.php?rest_route=\/wp\/v2\/posts\/228470","targetHints":{"allow":["GET"]}}],"collection":[{"href":"https:\/\/archive.sana.sy\/tr\/index.php?rest_route=\/wp\/v2\/posts"}],"about":[{"href":"https:\/\/archive.sana.sy\/tr\/index.php?rest_route=\/wp\/v2\/types\/post"}],"author":[{"embeddable":true,"href":"https:\/\/archive.sana.sy\/tr\/index.php?rest_route=\/wp\/v2\/users\/1"}],"replies":[{"embeddable":true,"href":"https:\/\/archive.sana.sy\/tr\/index.php?rest_route=%2Fwp%2Fv2%2Fcomments&post=228470"}],"version-history":[{"count":0,"href":"https:\/\/archive.sana.sy\/tr\/index.php?rest_route=\/wp\/v2\/posts\/228470\/revisions"}],"wp:featuredmedia":[{"embeddable":true,"href":"https:\/\/archive.sana.sy\/tr\/index.php?rest_route=\/wp\/v2\/media\/228471"}],"wp:attachment":[{"href":"https:\/\/archive.sana.sy\/tr\/index.php?rest_route=%2Fwp%2Fv2%2Fmedia&parent=228470"}],"wp:term":[{"taxonomy":"category","embeddable":true,"href":"https:\/\/archive.sana.sy\/tr\/index.php?rest_route=%2Fwp%2Fv2%2Fcategories&post=228470"},{"taxonomy":"post_tag","embeddable":true,"href":"https:\/\/archive.sana.sy\/tr\/index.php?rest_route=%2Fwp%2Fv2%2Ftags&post=228470"}],"curies":[{"name":"wp","href":"https:\/\/api.w.org\/{rel}","templated":true}]}}