{"id":228485,"date":"2021-02-15T12:04:20","date_gmt":"2021-02-15T10:04:20","guid":{"rendered":"http:\/\/107.6.182.27\/tr\/?p=228485"},"modified":"2021-02-16T08:18:20","modified_gmt":"2021-02-16T06:18:20","slug":"israil-isgali-bati-yakada-bes-filistinliyi-tutuklayip-bazi-evleri-de-yikti","status":"publish","type":"post","link":"https:\/\/archive.sana.sy\/tr\/?p=228485","title":{"rendered":"\u0130srail \u0130\u015fgali Bat\u0131 Yaka&#8217;da Be\u015f Filistinliyi Tutuklay\u0131p Baz\u0131 Evleri De Y\u0131kt\u0131"},"content":{"rendered":"<p>\u0130\u015eGAL ALTINDAK\u0130 KUD\u00dcS \u2013 \u0130\u015fgalci \u0130srail g\u00fc\u00e7leri bug\u00fcn Bat\u0131 Yaka\u2019da be\u015f Filistinliyi tutuklad\u0131.<\/p>\n<p>Wafa haber ajans\u0131 i\u015fgal g\u00fc\u00e7lerinin Ramallah\u2019daki Deyr Nizam ve Serda, Beyt Lahim kuzeyinde ise Ayde kamp\u0131na bask\u0131n d\u00fczenleyip be\u015f Filistinliyi tutuklad\u0131klar\u0131n\u0131 belirtti.<\/p>\n<p>\u00d6te yandan Wafa ajans\u0131, i\u015fgalin birka\u00e7 askeri arac\u0131n\u0131n Gazze Yakas\u0131\u2019n\u0131n kuzeyinde bulunan Cabalya Beldesinin do\u011fusundaki Filistin tar\u0131m alanlar\u0131na girdi\u011fini ve onlar\u0131 buldozerle y\u0131kt\u0131\u011f\u0131n\u0131 bildirdi.<\/p>\n<p>\u0130\u015fgal g\u00fc\u00e7leri ayr\u0131ca, i\u015fgal alt\u0131ndaki Kud\u00fcs&#8217;teki \u015ea\u2019afat, Sur Baher ve Selvan beldelerine bask\u0131n d\u00fczenleyip iki ev ile birka\u00e7 tar\u0131m tesisini y\u0131kt\u0131.<\/p>\n<p>P.M.<\/p>\n","protected":false},"excerpt":{"rendered":"<p>\u0130\u015eGAL ALTINDAK\u0130 KUD\u00dcS \u2013 \u0130\u015fgalci \u0130srail g\u00fc\u00e7leri bug\u00fcn Bat\u0131 Yaka\u2019da be\u015f Filistinliyi tutuklad\u0131. Wafa haber ajans\u0131 i\u015fgal g\u00fc\u00e7lerinin Ramallah\u2019daki Deyr Nizam ve Serda, Beyt Lahim kuzeyinde ise Ayde kamp\u0131na bask\u0131n d\u00fczenleyip be\u015f Filistinliyi tutuklad\u0131klar\u0131n\u0131 belirtti. \u00d6te yandan Wafa ajans\u0131, i\u015fgalin birka\u00e7 askeri arac\u0131n\u0131n Gazze Yakas\u0131\u2019n\u0131n kuzeyinde bulunan Cabalya Beldesinin do\u011fusundaki Filistin tar\u0131m alanlar\u0131na girdi\u011fini ve &hellip;<\/p>\n","protected":false},"author":1,"featured_media":228488,"comment_status":"closed","ping_status":"closed","sticky":false,"template":"","format":"standard","meta":{"footnotes":""},"categories":[458,459,17988],"tags":[],"class_list":["post-228485","post","type-post","status-publish","format-standard","has-post-thumbnail","","category-dunya1","category-haberler-arap-uluslararasi-politika","category-son-haberler"],"_links":{"self":[{"href":"https:\/\/archive.sana.sy\/tr\/index.php?rest_route=\/wp\/v2\/posts\/228485","targetHints":{"allow":["GET"]}}],"collection":[{"href":"https:\/\/archive.sana.sy\/tr\/index.php?rest_route=\/wp\/v2\/posts"}],"about":[{"href":"https:\/\/archive.sana.sy\/tr\/index.php?rest_route=\/wp\/v2\/types\/post"}],"author":[{"embeddable":true,"href":"https:\/\/archive.sana.sy\/tr\/index.php?rest_route=\/wp\/v2\/users\/1"}],"replies":[{"embeddable":true,"href":"https:\/\/archive.sana.sy\/tr\/index.php?rest_route=%2Fwp%2Fv2%2Fcomments&post=228485"}],"version-history":[{"count":0,"href":"https:\/\/archive.sana.sy\/tr\/index.php?rest_route=\/wp\/v2\/posts\/228485\/revisions"}],"wp:featuredmedia":[{"embeddable":true,"href":"https:\/\/archive.sana.sy\/tr\/index.php?rest_route=\/wp\/v2\/media\/228488"}],"wp:attachment":[{"href":"https:\/\/archive.sana.sy\/tr\/index.php?rest_route=%2Fwp%2Fv2%2Fmedia&parent=228485"}],"wp:term":[{"taxonomy":"category","embeddable":true,"href":"https:\/\/archive.sana.sy\/tr\/index.php?rest_route=%2Fwp%2Fv2%2Fcategories&post=228485"},{"taxonomy":"post_tag","embeddable":true,"href":"https:\/\/archive.sana.sy\/tr\/index.php?rest_route=%2Fwp%2Fv2%2Ftags&post=228485"}],"curies":[{"name":"wp","href":"https:\/\/api.w.org\/{rel}","templated":true}]}}