{"id":228496,"date":"2021-02-15T12:48:06","date_gmt":"2021-02-15T10:48:06","guid":{"rendered":"http:\/\/107.6.182.27\/tr\/?p=228496"},"modified":"2021-02-16T16:12:47","modified_gmt":"2021-02-16T14:12:47","slug":"uluslararasi-bilisim-yarismasinda-suriye-bilimsel-olimpiyat-takimi-bronz-madalya-kazandi","status":"publish","type":"post","link":"https:\/\/archive.sana.sy\/tr\/?p=228496","title":{"rendered":"Uluslararas\u0131 Bili\u015fim Yar\u0131\u015fmas\u0131&#8217;nda Suriye Bilimsel Olimpiyat Tak\u0131m\u0131 Bronz Madalya Kazand\u0131"},"content":{"rendered":"<p>\u015eAM \u2013 Suriye Bilim Olimpiyat\u0131 tak\u0131m\u0131, Romanya&#8217;n\u0131n 13 \u00fclkeden \u00f6\u011frencilerin kat\u0131l\u0131m\u0131yla uzaktan d\u00fczenledi\u011fi info (1) Uluslararas\u0131 Bili\u015fim Kupas\u0131&#8217;nda bronz madalya kazand\u0131.<\/p>\n<p>M\u00fckemmellik ve Yarat\u0131c\u0131l\u0131k Komisyonunun yay\u0131nlad\u0131\u011f\u0131 ve SANA\u2019n\u0131n bir n\u00fcshas\u0131n\u0131 ald\u0131\u011f\u0131 beyanda, bronz madalyay\u0131 \u015eam \u0130li El Basel \u00dcst\u00fcn \u00d6\u011frenciler Okulu&#8217;ndan Suriye Bili\u015fim Olimpiyat\u0131 milli tak\u0131m\u0131ndan \u00f6\u011frenci H\u00fcseyin Ahmed Busbet&#8217;in ald\u0131\u011f\u0131n\u0131 belirtilirken, bunun 2021 y\u0131l\u0131 Suriye Bilimsel Olimpiyat\u0131 \u00f6\u011frencileri i\u00e7in ilk uluslararas\u0131 kat\u0131l\u0131m oldu\u011funa i\u015faret edildi.<\/p>\n<p>Suriye Bilim Olimpiyat\u0131&#8217;nda, ikisi Ocak 2021&#8217;de milli tak\u0131ma gelen d\u00f6rt kat\u0131l\u0131mc\u0131dan olu\u015fan Bili\u015fim ekibinde temsil edildi.<\/p>\n<p>Yar\u0131\u015fma, bili\u015fim alan\u0131nda yetenekli gen\u00e7leri te\u015fvik etmeyi ve onlar\u0131 Uluslararas\u0131 Bili\u015fim Olimpiyatlar\u0131&#8217;na kat\u0131lmaya hak kazanmak ve uzmanl\u0131k seviyelerini geli\u015ftirmek i\u00e7in teorik ve pratik seviyelerde de\u011ferlendirmeyi ama\u00e7lamaktad\u0131r.<\/p>\n<p>P.M.<\/p>\n","protected":false},"excerpt":{"rendered":"<p>\u015eAM \u2013 Suriye Bilim Olimpiyat\u0131 tak\u0131m\u0131, Romanya&#8217;n\u0131n 13 \u00fclkeden \u00f6\u011frencilerin kat\u0131l\u0131m\u0131yla uzaktan d\u00fczenledi\u011fi info (1) Uluslararas\u0131 Bili\u015fim Kupas\u0131&#8217;nda bronz madalya kazand\u0131. M\u00fckemmellik ve Yarat\u0131c\u0131l\u0131k Komisyonunun yay\u0131nlad\u0131\u011f\u0131 ve SANA\u2019n\u0131n bir n\u00fcshas\u0131n\u0131 ald\u0131\u011f\u0131 beyanda, bronz madalyay\u0131 \u015eam \u0130li El Basel \u00dcst\u00fcn \u00d6\u011frenciler Okulu&#8217;ndan Suriye Bili\u015fim Olimpiyat\u0131 milli tak\u0131m\u0131ndan \u00f6\u011frenci H\u00fcseyin Ahmed Busbet&#8217;in ald\u0131\u011f\u0131n\u0131 belirtilirken, bunun 2021 y\u0131l\u0131 &hellip;<\/p>\n","protected":false},"author":1,"featured_media":228497,"comment_status":"closed","ping_status":"closed","sticky":false,"template":"","format":"standard","meta":{"footnotes":""},"categories":[479,516,511,17988,478],"tags":[],"class_list":["post-228496","post","type-post","status-publish","format-standard","has-post-thumbnail","","category-haberler-yerel","category-haberler-kultur-ve-sanat","category-kultur-ve-sanat","category-son-haberler","category-yerel"],"_links":{"self":[{"href":"https:\/\/archive.sana.sy\/tr\/index.php?rest_route=\/wp\/v2\/posts\/228496","targetHints":{"allow":["GET"]}}],"collection":[{"href":"https:\/\/archive.sana.sy\/tr\/index.php?rest_route=\/wp\/v2\/posts"}],"about":[{"href":"https:\/\/archive.sana.sy\/tr\/index.php?rest_route=\/wp\/v2\/types\/post"}],"author":[{"embeddable":true,"href":"https:\/\/archive.sana.sy\/tr\/index.php?rest_route=\/wp\/v2\/users\/1"}],"replies":[{"embeddable":true,"href":"https:\/\/archive.sana.sy\/tr\/index.php?rest_route=%2Fwp%2Fv2%2Fcomments&post=228496"}],"version-history":[{"count":0,"href":"https:\/\/archive.sana.sy\/tr\/index.php?rest_route=\/wp\/v2\/posts\/228496\/revisions"}],"wp:featuredmedia":[{"embeddable":true,"href":"https:\/\/archive.sana.sy\/tr\/index.php?rest_route=\/wp\/v2\/media\/228497"}],"wp:attachment":[{"href":"https:\/\/archive.sana.sy\/tr\/index.php?rest_route=%2Fwp%2Fv2%2Fmedia&parent=228496"}],"wp:term":[{"taxonomy":"category","embeddable":true,"href":"https:\/\/archive.sana.sy\/tr\/index.php?rest_route=%2Fwp%2Fv2%2Fcategories&post=228496"},{"taxonomy":"post_tag","embeddable":true,"href":"https:\/\/archive.sana.sy\/tr\/index.php?rest_route=%2Fwp%2Fv2%2Ftags&post=228496"}],"curies":[{"name":"wp","href":"https:\/\/api.w.org\/{rel}","templated":true}]}}