{"id":22850,"date":"2015-02-04T09:35:05","date_gmt":"2015-02-04T07:35:05","guid":{"rendered":"http:\/\/www.sana.sy\/tr\/?p=22850"},"modified":"2015-02-04T09:35:05","modified_gmt":"2015-02-04T07:35:05","slug":"halaki-halkin-yasam-lokmasini-zorlastiranlara-musamaha-gosterilmeyecektir","status":"publish","type":"post","link":"https:\/\/archive.sana.sy\/tr\/?p=22850","title":{"rendered":"Halaki: Halk\u0131n Ya\u015fam Lokmas\u0131n\u0131 Zorla\u015ft\u0131ranlara M\u00fcsamaha G\u00f6sterilmeyecektir"},"content":{"rendered":"<p>\u015eAM \u2013 Ba\u015fbakan Vail Halaki, petrol \u00fcr\u00fcnlerini h\u00fck\u00fcmetin belirlemi\u015f oldu\u011fu fiyatt\u0131n \u00fcst\u00fcnde satan petrol ofislerine yapt\u0131r\u0131m uygulanarak kanunsuzluk yapan petrol ofislerine Petrol ve Madeni Servetler Bakanl\u0131\u011f\u0131 taraf\u0131ndan el konulaca\u011f\u0131n\u0131 ifade etti.<\/p>\n<p>Kabinenin d\u00fcnk\u00fc haftal\u0131k ola\u011fan toplant\u0131s\u0131na ba\u015fkanl\u0131k eden Halaki; petrol y\u00fckl\u00fc gemilerin Suriye limanlar\u0131na ula\u015fm\u0131\u015f oldu\u011funu dile getirerek petrol\u00fcn t\u00fcketicilere ula\u015ft\u0131r\u0131lmas\u0131 s\u0131ras\u0131nda herhangi bir sorun ya\u015fanmamas\u0131 i\u00e7in gerekli \u00f6nlemlerin al\u0131nd\u0131\u011f\u0131n\u0131 ve t\u00fcketiciyi korumak amac\u0131yla sat\u0131\u015f fiyatlar\u0131n\u0131n s\u0131k\u0131 bir \u015fekilde denetlenece\u011fini belirtti.<\/p>\n<p>Ekonomi ve D\u0131\u015f Ticaret Bakanl\u0131\u011f\u0131, Maliye Bakanl\u0131\u011f\u0131 ve ilgili b\u00fct\u00fcn kurumlara petrol \u00fcr\u00fcnleri ithal edilmesi ve sat\u0131\u015f\u0131n\u0131n denetlenmesi ile ilgili gerekli y\u00f6nlendirmeleri yapan Halaki; \u0130\u00e7 Ticaret ve T\u00fcketiciyi Koruma Bakanl\u0131\u011f\u0131n\u0131n bu s\u00fcre\u00e7te piyasa denetimlerini s\u0131k\u0131 bir \u015fekilde takip etmesi gerekti\u011finin alt\u0131n\u0131 \u00e7izdi<br \/>\nHalaki; halk\u0131n ya\u015fam lokmas\u0131n\u0131 zorla\u015ft\u0131ranlarla ilgili hi\u00e7bir m\u00fcsamaha g\u00f6stermeyece\u011fini vurgulad\u0131.<\/p>\n<p>Toplant\u0131da Ba\u015fbakan Yard\u0131mc\u0131s\u0131 ve D\u0131\u015fi\u015fleri ve Gurbet\u00e7iler Bakan\u0131 Velid El Muallim, ba\u015fta ge\u00e7ti\u011fimiz g\u00fcnlerde Moskova\u2019da d\u00fczenlenen \u0130sti\u015fare Toplant\u0131s\u0131 ve sonu\u00e7lar\u0131yla ilgili olmak \u00fczere uluslararas\u0131 alanda Suriye ile ilgili ya\u015fanan geli\u015fmelere ili\u015fkin ayr\u0131nt\u0131l\u0131 bir sunum takdim etti.<br \/>\nF.B \u2013 R.H.<\/p>\n","protected":false},"excerpt":{"rendered":"<p>\u015eAM \u2013 Ba\u015fbakan Vail Halaki, petrol \u00fcr\u00fcnlerini h\u00fck\u00fcmetin belirlemi\u015f oldu\u011fu fiyatt\u0131n \u00fcst\u00fcnde satan petrol ofislerine yapt\u0131r\u0131m uygulanarak kanunsuzluk yapan petrol ofislerine Petrol ve Madeni Servetler Bakanl\u0131\u011f\u0131 taraf\u0131ndan el konulaca\u011f\u0131n\u0131 ifade etti. Kabinenin d\u00fcnk\u00fc haftal\u0131k ola\u011fan toplant\u0131s\u0131na ba\u015fkanl\u0131k eden Halaki; petrol y\u00fckl\u00fc gemilerin Suriye limanlar\u0131na ula\u015fm\u0131\u015f oldu\u011funu dile getirerek petrol\u00fcn t\u00fcketicilere ula\u015ft\u0131r\u0131lmas\u0131 s\u0131ras\u0131nda herhangi bir sorun &hellip;<\/p>\n","protected":false},"author":1,"featured_media":22851,"comment_status":"closed","ping_status":"closed","sticky":false,"template":"","format":"standard","meta":{"footnotes":""},"categories":[479,478],"tags":[11174,11175],"class_list":["post-22850","post","type-post","status-publish","format-standard","has-post-thumbnail","","category-haberler-yerel","category-yerel","tag-halaki-halkin-yasam-lokmasini-zorlastiranlara-musamaha-gosterilmeyecektir-sam-basbakan-vail-halaki","tag-petrol-urunlerini-hukumetin-belirlemis-oldugu-fiyattin-ustunde-satan-petrol-ofislerine-yaptirim-uygulanarak-kanunsuzluk-yapan-petrol-ofislerine-petrol-ve-madeni-servetler-bakanligi-tarafindan-el-konul"],"_links":{"self":[{"href":"https:\/\/archive.sana.sy\/tr\/index.php?rest_route=\/wp\/v2\/posts\/22850","targetHints":{"allow":["GET"]}}],"collection":[{"href":"https:\/\/archive.sana.sy\/tr\/index.php?rest_route=\/wp\/v2\/posts"}],"about":[{"href":"https:\/\/archive.sana.sy\/tr\/index.php?rest_route=\/wp\/v2\/types\/post"}],"author":[{"embeddable":true,"href":"https:\/\/archive.sana.sy\/tr\/index.php?rest_route=\/wp\/v2\/users\/1"}],"replies":[{"embeddable":true,"href":"https:\/\/archive.sana.sy\/tr\/index.php?rest_route=%2Fwp%2Fv2%2Fcomments&post=22850"}],"version-history":[{"count":0,"href":"https:\/\/archive.sana.sy\/tr\/index.php?rest_route=\/wp\/v2\/posts\/22850\/revisions"}],"wp:featuredmedia":[{"embeddable":true,"href":"https:\/\/archive.sana.sy\/tr\/index.php?rest_route=\/wp\/v2\/media\/22851"}],"wp:attachment":[{"href":"https:\/\/archive.sana.sy\/tr\/index.php?rest_route=%2Fwp%2Fv2%2Fmedia&parent=22850"}],"wp:term":[{"taxonomy":"category","embeddable":true,"href":"https:\/\/archive.sana.sy\/tr\/index.php?rest_route=%2Fwp%2Fv2%2Fcategories&post=22850"},{"taxonomy":"post_tag","embeddable":true,"href":"https:\/\/archive.sana.sy\/tr\/index.php?rest_route=%2Fwp%2Fv2%2Ftags&post=22850"}],"curies":[{"name":"wp","href":"https:\/\/api.w.org\/{rel}","templated":true}]}}