{"id":22857,"date":"2015-02-04T09:58:06","date_gmt":"2015-02-04T07:58:06","guid":{"rendered":"http:\/\/www.sana.sy\/tr\/?p=22857"},"modified":"2015-02-04T09:58:06","modified_gmt":"2015-02-04T07:58:06","slug":"vozhel-fransa-otoritelerinin-tutumundan-dolayi-uzuntusunu-ifade-etti","status":"publish","type":"post","link":"https:\/\/archive.sana.sy\/tr\/?p=22857","title":{"rendered":"Vozhel Fransa Otoritelerinin Tutumundan Dolay\u0131 \u00dcz\u00fcnt\u00fcs\u00fcn\u00fc \u0130fade Etti"},"content":{"rendered":"<p>MONAKO \u2013 Halk Meclisi Ba\u015fkan\u0131 Muhammed Cihat el Lahham; d\u00fcn Monako\u2019da Fransa Parlamento Heyeti Ba\u015fkan\u0131 ve Akdeniz \u00dclkeleri Parlamentolar Cemiyeti Ba\u015fkan\u0131 Yard\u0131mc\u0131s\u0131 Michelle Vozhel ile bir araya gelerek Ortado\u011fu b\u00f6lgesinde ya\u015fanan geli\u015fmeleri ve Akdeniz\u2019de gittik\u00e7e vah\u015file\u015fen ter\u00f6r olgusu ve ter\u00f6re kar\u015f\u0131 m\u00fccadele y\u00f6ntemlerini inceledi.<\/p>\n<p>Fransa otoritelerinin, Akdeniz Devletleri Parlamentolar\u0131 Cemiyeti toplant\u0131s\u0131na kat\u0131lmak \u00fczere Monako\u2019ya gelmesi i\u00e7in Suriyeli heyet \u00fcyelerine gerekli giri\u015f vizesini vermemeleri konusunun da konu\u015fuldu\u011fu toplant\u0131da Vozhel, konuyla ilgili \u00fczg\u00fcn oldu\u011funu ifade etti.<\/p>\n<p>\u00d6te yandan Pakistan Senato Meclisi Ba\u015fkan\u0131 ve Akdeniz Devletleri Parlamentolar\u0131 Cemiyeti D\u00f6nem Ba\u015fkan\u0131 Seyit Nayer H\u00fcseyin Buhari ile bir araya gelen Lahham; iki \u00fclke aras\u0131ndaki parlamento ili\u015fkileri ve tekfirci ter\u00f6re kar\u015f\u0131 m\u00fccadelede i\u015fbirli\u011fini peki\u015ftirme olanaklar\u0131n\u0131 inceledi.<\/p>\n<p>Lahham, Rusya Parlamento Heyeti Ba\u015fkan\u0131 Andre Kelemov ile yapt\u0131\u011f\u0131 toplant\u0131da da iki \u00fclke parlamentolar\u0131 ili\u015fkilerini daha \u00fcst seviyelere ta\u015f\u0131ma y\u00f6ntemlerini inceleyerek ba\u015fta devletlerin ulusal egemenli\u011fine sayg\u0131 ve i\u00e7i\u015flere y\u00f6nelik d\u0131\u015f m\u00fcdahalelerin durdurulmas\u0131 gibi konular olmak \u00fczere uluslararas\u0131 davalarla ilgili ortak tutum ve koordinasyonun g\u00fc\u00e7lendirilmesi gere\u011fini vurgulad\u0131.<\/p>\n<p>F.B. &#8211; R.H.<\/p>\n","protected":false},"excerpt":{"rendered":"<p>MONAKO \u2013 Halk Meclisi Ba\u015fkan\u0131 Muhammed Cihat el Lahham; d\u00fcn Monako\u2019da Fransa Parlamento Heyeti Ba\u015fkan\u0131 ve Akdeniz \u00dclkeleri Parlamentolar Cemiyeti Ba\u015fkan\u0131 Yard\u0131mc\u0131s\u0131 Michelle Vozhel ile bir araya gelerek Ortado\u011fu b\u00f6lgesinde ya\u015fanan geli\u015fmeleri ve Akdeniz\u2019de gittik\u00e7e vah\u015file\u015fen ter\u00f6r olgusu ve ter\u00f6re kar\u015f\u0131 m\u00fccadele y\u00f6ntemlerini inceledi. Fransa otoritelerinin, Akdeniz Devletleri Parlamentolar\u0131 Cemiyeti toplant\u0131s\u0131na kat\u0131lmak \u00fczere Monako\u2019ya gelmesi &hellip;<\/p>\n","protected":false},"author":1,"featured_media":22858,"comment_status":"closed","ping_status":"closed","sticky":false,"template":"","format":"standard","meta":{"footnotes":""},"categories":[458,459,447],"tags":[11177],"class_list":["post-22857","post","type-post","status-publish","format-standard","has-post-thumbnail","","category-dunya1","category-haberler-arap-uluslararasi-politika","category-politika","tag-vozhel-fransa-otoritelerinin-tutumundan-dolayi-uzuntusunu-ifade-etti-monako-halk-meclisi-baskani-muhammed-cihat-el-lahham-dun-monakoda-fransa-parlamento-heyeti-baskani-ve-akdeniz-u"],"_links":{"self":[{"href":"https:\/\/archive.sana.sy\/tr\/index.php?rest_route=\/wp\/v2\/posts\/22857","targetHints":{"allow":["GET"]}}],"collection":[{"href":"https:\/\/archive.sana.sy\/tr\/index.php?rest_route=\/wp\/v2\/posts"}],"about":[{"href":"https:\/\/archive.sana.sy\/tr\/index.php?rest_route=\/wp\/v2\/types\/post"}],"author":[{"embeddable":true,"href":"https:\/\/archive.sana.sy\/tr\/index.php?rest_route=\/wp\/v2\/users\/1"}],"replies":[{"embeddable":true,"href":"https:\/\/archive.sana.sy\/tr\/index.php?rest_route=%2Fwp%2Fv2%2Fcomments&post=22857"}],"version-history":[{"count":0,"href":"https:\/\/archive.sana.sy\/tr\/index.php?rest_route=\/wp\/v2\/posts\/22857\/revisions"}],"wp:featuredmedia":[{"embeddable":true,"href":"https:\/\/archive.sana.sy\/tr\/index.php?rest_route=\/wp\/v2\/media\/22858"}],"wp:attachment":[{"href":"https:\/\/archive.sana.sy\/tr\/index.php?rest_route=%2Fwp%2Fv2%2Fmedia&parent=22857"}],"wp:term":[{"taxonomy":"category","embeddable":true,"href":"https:\/\/archive.sana.sy\/tr\/index.php?rest_route=%2Fwp%2Fv2%2Fcategories&post=22857"},{"taxonomy":"post_tag","embeddable":true,"href":"https:\/\/archive.sana.sy\/tr\/index.php?rest_route=%2Fwp%2Fv2%2Ftags&post=22857"}],"curies":[{"name":"wp","href":"https:\/\/api.w.org\/{rel}","templated":true}]}}