{"id":228827,"date":"2021-02-18T11:15:01","date_gmt":"2021-02-18T09:15:01","guid":{"rendered":"http:\/\/107.6.182.27\/tr\/?p=228827"},"modified":"2021-02-19T09:01:33","modified_gmt":"2021-02-19T07:01:33","slug":"dsg-milisleri-deyrezzor-kirsalindan-3-genci-kacirdi","status":"publish","type":"post","link":"https:\/\/archive.sana.sy\/tr\/?p=228827","title":{"rendered":"DSG Milisleri Deyrezzor K\u0131rsal\u0131ndan 3 Genci Ka\u00e7\u0131rd\u0131"},"content":{"rendered":"<p>DEYREZZOR \u2013 \u0130\u015fgalci Amerikan g\u00fc\u00e7leri taraf\u0131ndan desteklenen DSG milisleri el Cezire b\u00f6lgesinde i\u015fgal ettikleri alanlarda sivillere kar\u015f\u0131 su\u00e7lu uygulamalar\u0131na devam ederek, Deyrezzor k\u0131rsal\u0131n\u0131n kuzeyinden birke\u00e7 sivili ka\u00e7\u0131rd\u0131.<\/p>\n<p>Yerel kaynaklar SANA muhabirine, \u201cDSG\u201d milislerinin b\u00f6lgeye bask\u0131n yapt\u0131ktan sonra el Hacna k\u00f6y\u00fc yak\u0131nlar\u0131nda koyun otlat\u0131rken \u00fc\u00e7 genci ka\u00e7\u0131rd\u0131\u011f\u0131n\u0131 belirtirken, onlar\u0131 kendi saflar\u0131nda sava\u015fmaya zorlamak i\u00e7in askere g\u00f6t\u00fcrd\u00fcklerini belirtti.<\/p>\n<p>\u00c7eviri: M.Y<\/p>\n","protected":false},"excerpt":{"rendered":"<p>DEYREZZOR \u2013 \u0130\u015fgalci Amerikan g\u00fc\u00e7leri taraf\u0131ndan desteklenen DSG milisleri el Cezire b\u00f6lgesinde i\u015fgal ettikleri alanlarda sivillere kar\u015f\u0131 su\u00e7lu uygulamalar\u0131na devam ederek, Deyrezzor k\u0131rsal\u0131n\u0131n kuzeyinden birke\u00e7 sivili ka\u00e7\u0131rd\u0131. Yerel kaynaklar SANA muhabirine, \u201cDSG\u201d milislerinin b\u00f6lgeye bask\u0131n yapt\u0131ktan sonra el Hacna k\u00f6y\u00fc yak\u0131nlar\u0131nda koyun otlat\u0131rken \u00fc\u00e7 genci ka\u00e7\u0131rd\u0131\u011f\u0131n\u0131 belirtirken, onlar\u0131 kendi saflar\u0131nda sava\u015fmaya zorlamak i\u00e7in askere g\u00f6t\u00fcrd\u00fcklerini &hellip;<\/p>\n","protected":false},"author":36,"featured_media":228828,"comment_status":"closed","ping_status":"closed","sticky":false,"template":"","format":"standard","meta":{"footnotes":""},"categories":[479,575,17988,478],"tags":[],"class_list":["post-228827","post","type-post","status-publish","format-standard","has-post-thumbnail","","category-haberler-yerel","category-olaylar-ve-gercekler","category-son-haberler","category-yerel"],"_links":{"self":[{"href":"https:\/\/archive.sana.sy\/tr\/index.php?rest_route=\/wp\/v2\/posts\/228827","targetHints":{"allow":["GET"]}}],"collection":[{"href":"https:\/\/archive.sana.sy\/tr\/index.php?rest_route=\/wp\/v2\/posts"}],"about":[{"href":"https:\/\/archive.sana.sy\/tr\/index.php?rest_route=\/wp\/v2\/types\/post"}],"author":[{"embeddable":true,"href":"https:\/\/archive.sana.sy\/tr\/index.php?rest_route=\/wp\/v2\/users\/36"}],"replies":[{"embeddable":true,"href":"https:\/\/archive.sana.sy\/tr\/index.php?rest_route=%2Fwp%2Fv2%2Fcomments&post=228827"}],"version-history":[{"count":0,"href":"https:\/\/archive.sana.sy\/tr\/index.php?rest_route=\/wp\/v2\/posts\/228827\/revisions"}],"wp:featuredmedia":[{"embeddable":true,"href":"https:\/\/archive.sana.sy\/tr\/index.php?rest_route=\/wp\/v2\/media\/228828"}],"wp:attachment":[{"href":"https:\/\/archive.sana.sy\/tr\/index.php?rest_route=%2Fwp%2Fv2%2Fmedia&parent=228827"}],"wp:term":[{"taxonomy":"category","embeddable":true,"href":"https:\/\/archive.sana.sy\/tr\/index.php?rest_route=%2Fwp%2Fv2%2Fcategories&post=228827"},{"taxonomy":"post_tag","embeddable":true,"href":"https:\/\/archive.sana.sy\/tr\/index.php?rest_route=%2Fwp%2Fv2%2Ftags&post=228827"}],"curies":[{"name":"wp","href":"https:\/\/api.w.org\/{rel}","templated":true}]}}