{"id":228860,"date":"2021-02-18T12:19:26","date_gmt":"2021-02-18T10:19:26","guid":{"rendered":"http:\/\/107.6.182.27\/tr\/?p=228860"},"modified":"2021-02-19T09:01:44","modified_gmt":"2021-02-19T07:01:44","slug":"isgalci-turk-kiraliklari-teroristler-rasul-ayn-kenti-ve-cevresinden-3-sivili-kacirdi","status":"publish","type":"post","link":"https:\/\/archive.sana.sy\/tr\/?p=228860","title":{"rendered":"\u0130\u015fgalci T\u00fcrk Kiral\u0131klar\u0131 Rasul Ayn Kenti ve \u00c7evresinden 3 Sivili Ka\u00e7\u0131rd\u0131"},"content":{"rendered":"<p>HASEKE \u2013 \u0130\u015fgalci T\u00fcrk g\u00fc\u00e7lerine tabi ter\u00f6r gruplar\u0131, Haseke k\u0131rsal\u0131n\u0131n kuzeybat\u0131s\u0131nda yer alan Rasul Ayn kenti ve \u00e7evresinden 3 sivili ka\u00e7\u0131rd\u0131.<\/p>\n<p>Yerel kaynaklar SANA muhabirine, \u0130\u015fgalci T\u00fcrk g\u00fc\u00e7lerinin emrinde \u00e7al\u0131\u015fan ter\u00f6r gruplar\u0131n\u0131n, Haseke k\u0131rsal\u0131n\u0131n kuzeybat\u0131s\u0131nda yer alan Rasul Ayn kenti ve \u00e7evresine bask\u0131n d\u00fczenledi\u011fini belirtirken, \u00fc\u00e7 sivili ka\u00e7\u0131r\u0131p b\u00f6lgede kurduklar\u0131 g\u00f6zalt\u0131 merkezlerinden birine g\u00f6t\u00fcrd\u00fc\u011f\u00fcn\u00fc belirtti.<\/p>\n<p>\u00c7eviri: M.Y<\/p>\n","protected":false},"excerpt":{"rendered":"<p>HASEKE \u2013 \u0130\u015fgalci T\u00fcrk g\u00fc\u00e7lerine tabi ter\u00f6r gruplar\u0131, Haseke k\u0131rsal\u0131n\u0131n kuzeybat\u0131s\u0131nda yer alan Rasul Ayn kenti ve \u00e7evresinden 3 sivili ka\u00e7\u0131rd\u0131. Yerel kaynaklar SANA muhabirine, \u0130\u015fgalci T\u00fcrk g\u00fc\u00e7lerinin emrinde \u00e7al\u0131\u015fan ter\u00f6r gruplar\u0131n\u0131n, Haseke k\u0131rsal\u0131n\u0131n kuzeybat\u0131s\u0131nda yer alan Rasul Ayn kenti ve \u00e7evresine bask\u0131n d\u00fczenledi\u011fini belirtirken, \u00fc\u00e7 sivili ka\u00e7\u0131r\u0131p b\u00f6lgede kurduklar\u0131 g\u00f6zalt\u0131 merkezlerinden birine g\u00f6t\u00fcrd\u00fc\u011f\u00fcn\u00fc belirtti. &hellip;<\/p>\n","protected":false},"author":36,"featured_media":228861,"comment_status":"closed","ping_status":"closed","sticky":false,"template":"","format":"standard","meta":{"footnotes":""},"categories":[479,575,17988,2554,2555,478],"tags":[],"class_list":["post-228860","post","type-post","status-publish","format-standard","has-post-thumbnail","","category-haberler-yerel","category-olaylar-ve-gercekler","category-son-haberler","category-suriye-ve-dunya","category-suriye-ve-turkiye","category-yerel"],"_links":{"self":[{"href":"https:\/\/archive.sana.sy\/tr\/index.php?rest_route=\/wp\/v2\/posts\/228860","targetHints":{"allow":["GET"]}}],"collection":[{"href":"https:\/\/archive.sana.sy\/tr\/index.php?rest_route=\/wp\/v2\/posts"}],"about":[{"href":"https:\/\/archive.sana.sy\/tr\/index.php?rest_route=\/wp\/v2\/types\/post"}],"author":[{"embeddable":true,"href":"https:\/\/archive.sana.sy\/tr\/index.php?rest_route=\/wp\/v2\/users\/36"}],"replies":[{"embeddable":true,"href":"https:\/\/archive.sana.sy\/tr\/index.php?rest_route=%2Fwp%2Fv2%2Fcomments&post=228860"}],"version-history":[{"count":0,"href":"https:\/\/archive.sana.sy\/tr\/index.php?rest_route=\/wp\/v2\/posts\/228860\/revisions"}],"wp:featuredmedia":[{"embeddable":true,"href":"https:\/\/archive.sana.sy\/tr\/index.php?rest_route=\/wp\/v2\/media\/228861"}],"wp:attachment":[{"href":"https:\/\/archive.sana.sy\/tr\/index.php?rest_route=%2Fwp%2Fv2%2Fmedia&parent=228860"}],"wp:term":[{"taxonomy":"category","embeddable":true,"href":"https:\/\/archive.sana.sy\/tr\/index.php?rest_route=%2Fwp%2Fv2%2Fcategories&post=228860"},{"taxonomy":"post_tag","embeddable":true,"href":"https:\/\/archive.sana.sy\/tr\/index.php?rest_route=%2Fwp%2Fv2%2Ftags&post=228860"}],"curies":[{"name":"wp","href":"https:\/\/api.w.org\/{rel}","templated":true}]}}