{"id":228914,"date":"2021-02-18T13:06:26","date_gmt":"2021-02-18T11:06:26","guid":{"rendered":"http:\/\/107.6.182.27\/tr\/?p=228914"},"modified":"2021-02-19T12:26:45","modified_gmt":"2021-02-19T10:26:45","slug":"cumhurbaskani-el-esad-sanayi-bankasinin-sermayesini-14-milyar-suriye-lirasina-cikarmasi-iliskin-kararname-yayinladi","status":"publish","type":"post","link":"https:\/\/archive.sana.sy\/tr\/?p=228914","title":{"rendered":"Cumhurba\u015fkan\u0131 El Esad, Sanayi Bankas\u0131&#8217;n\u0131n Sermayesini 14 Milyar Suriye Liras\u0131na \u00c7\u0131karmas\u0131 \u0130li\u015fkin Kararname Yay\u0131nlad\u0131"},"content":{"rendered":"<p>\u015eAM \u2013 Cumhurba\u015fkan\u0131 Be\u015far Esad bug\u00fcn, Mevcut a\u015faman\u0131n gereksinimleri do\u011frultusunda end\u00fcstriyel projelere gerekli finansman\u0131n sa\u011flanmas\u0131nda finansman kabiliyetlerini geli\u015ftirmek amac\u0131yla, Sanayi Bankas\u0131&#8217;n\u0131n sermayesini 14 milyar Suriye liras\u0131na \u00e7\u0131karmas\u0131 ile ilgili 2021 tarihli 7 say\u0131l\u0131 kararnameyi \u00e7\u0131kard\u0131.<\/p>\n<p>\u00c7eviri: M.Y<\/p>\n","protected":false},"excerpt":{"rendered":"<p>\u015eAM \u2013 Cumhurba\u015fkan\u0131 Be\u015far Esad bug\u00fcn, Mevcut a\u015faman\u0131n gereksinimleri do\u011frultusunda end\u00fcstriyel projelere gerekli finansman\u0131n sa\u011flanmas\u0131nda finansman kabiliyetlerini geli\u015ftirmek amac\u0131yla, Sanayi Bankas\u0131&#8217;n\u0131n sermayesini 14 milyar Suriye liras\u0131na \u00e7\u0131karmas\u0131 ile ilgili 2021 tarihli 7 say\u0131l\u0131 kararnameyi \u00e7\u0131kard\u0131. \u00c7eviri: M.Y<\/p>\n","protected":false},"author":36,"featured_media":228915,"comment_status":"closed","ping_status":"closed","sticky":false,"template":"","format":"standard","meta":{"footnotes":""},"categories":[479,605,17988,612,599,478],"tags":[],"class_list":["post-228914","post","type-post","status-publish","format-standard","has-post-thumbnail","","category-haberler-yerel","category-sayin-cumhurbaskani","category-son-haberler","category-yasama-kararnameler","category-yasama-ve-kanunlar","category-yerel"],"_links":{"self":[{"href":"https:\/\/archive.sana.sy\/tr\/index.php?rest_route=\/wp\/v2\/posts\/228914","targetHints":{"allow":["GET"]}}],"collection":[{"href":"https:\/\/archive.sana.sy\/tr\/index.php?rest_route=\/wp\/v2\/posts"}],"about":[{"href":"https:\/\/archive.sana.sy\/tr\/index.php?rest_route=\/wp\/v2\/types\/post"}],"author":[{"embeddable":true,"href":"https:\/\/archive.sana.sy\/tr\/index.php?rest_route=\/wp\/v2\/users\/36"}],"replies":[{"embeddable":true,"href":"https:\/\/archive.sana.sy\/tr\/index.php?rest_route=%2Fwp%2Fv2%2Fcomments&post=228914"}],"version-history":[{"count":0,"href":"https:\/\/archive.sana.sy\/tr\/index.php?rest_route=\/wp\/v2\/posts\/228914\/revisions"}],"wp:featuredmedia":[{"embeddable":true,"href":"https:\/\/archive.sana.sy\/tr\/index.php?rest_route=\/wp\/v2\/media\/228915"}],"wp:attachment":[{"href":"https:\/\/archive.sana.sy\/tr\/index.php?rest_route=%2Fwp%2Fv2%2Fmedia&parent=228914"}],"wp:term":[{"taxonomy":"category","embeddable":true,"href":"https:\/\/archive.sana.sy\/tr\/index.php?rest_route=%2Fwp%2Fv2%2Fcategories&post=228914"},{"taxonomy":"post_tag","embeddable":true,"href":"https:\/\/archive.sana.sy\/tr\/index.php?rest_route=%2Fwp%2Fv2%2Ftags&post=228914"}],"curies":[{"name":"wp","href":"https:\/\/api.w.org\/{rel}","templated":true}]}}