{"id":229087,"date":"2021-02-20T12:42:29","date_gmt":"2021-02-20T10:42:29","guid":{"rendered":"http:\/\/107.6.182.27\/tr\/?p=229087"},"modified":"2021-02-21T08:18:33","modified_gmt":"2021-02-21T06:18:33","slug":"dsg-milislerinin-kontrolu-altindaki-el-hol-kampinda-bir-kadin-vefat-etti","status":"publish","type":"post","link":"https:\/\/archive.sana.sy\/tr\/?p=229087","title":{"rendered":"DSG Milislerinin Kontrol\u00fc Alt\u0131ndaki El Hol Kamp\u0131nda Bir Kad\u0131n Vefat Etti"},"content":{"rendered":"<p>HASEKE \u2013 Haseke k\u0131rsal\u0131n\u0131n do\u011fusundaki el Hol kamp\u0131nda, bir kad\u0131n vurularak vefat etti.<\/p>\n<p>Yerel kaynaklar SANA muhabirine, Haseke k\u0131rsal\u0131n\u0131n do\u011fusunda yer alan ve &#8220;DSG&#8221; milislerinin kontrol ettikleri El Hol kamp\u0131nda g\u00fcvenlik kaosunun s\u00fcrd\u00fc\u011f\u00fcn\u00fc belirtirken, kamp\u0131n 1. b\u00f6l\u00fcm\u00fcnde bir kad\u0131n vurularak vefat etti\u011fini belirtti.<\/p>\n<p>Kaynaklar, &#8220;DSG\u201d milislerinin el Hol kamp\u0131na takviye getirdi\u011fine i\u015faret ederken, bask\u0131n kampanyas\u0131 d\u00fczenledi\u011fini ve birka\u00e7 sivili ka\u00e7\u0131r\u0131p onlar\u0131 bilinmeyen bir yere g\u00f6t\u00fcrd\u00fc\u011f\u00fcne dikkat \u00e7ekti.<\/p>\n<p>\u00c7eviri: M.Y<\/p>\n","protected":false},"excerpt":{"rendered":"<p>HASEKE \u2013 Haseke k\u0131rsal\u0131n\u0131n do\u011fusundaki el Hol kamp\u0131nda, bir kad\u0131n vurularak vefat etti. Yerel kaynaklar SANA muhabirine, Haseke k\u0131rsal\u0131n\u0131n do\u011fusunda yer alan ve &#8220;DSG&#8221; milislerinin kontrol ettikleri El Hol kamp\u0131nda g\u00fcvenlik kaosunun s\u00fcrd\u00fc\u011f\u00fcn\u00fc belirtirken, kamp\u0131n 1. b\u00f6l\u00fcm\u00fcnde bir kad\u0131n vurularak vefat etti\u011fini belirtti. Kaynaklar, &#8220;DSG\u201d milislerinin el Hol kamp\u0131na takviye getirdi\u011fine i\u015faret ederken, bask\u0131n kampanyas\u0131 &hellip;<\/p>\n","protected":false},"author":36,"featured_media":229088,"comment_status":"closed","ping_status":"closed","sticky":false,"template":"","format":"standard","meta":{"footnotes":""},"categories":[479,575,17988,478],"tags":[],"class_list":["post-229087","post","type-post","status-publish","format-standard","has-post-thumbnail","","category-haberler-yerel","category-olaylar-ve-gercekler","category-son-haberler","category-yerel"],"_links":{"self":[{"href":"https:\/\/archive.sana.sy\/tr\/index.php?rest_route=\/wp\/v2\/posts\/229087","targetHints":{"allow":["GET"]}}],"collection":[{"href":"https:\/\/archive.sana.sy\/tr\/index.php?rest_route=\/wp\/v2\/posts"}],"about":[{"href":"https:\/\/archive.sana.sy\/tr\/index.php?rest_route=\/wp\/v2\/types\/post"}],"author":[{"embeddable":true,"href":"https:\/\/archive.sana.sy\/tr\/index.php?rest_route=\/wp\/v2\/users\/36"}],"replies":[{"embeddable":true,"href":"https:\/\/archive.sana.sy\/tr\/index.php?rest_route=%2Fwp%2Fv2%2Fcomments&post=229087"}],"version-history":[{"count":0,"href":"https:\/\/archive.sana.sy\/tr\/index.php?rest_route=\/wp\/v2\/posts\/229087\/revisions"}],"wp:featuredmedia":[{"embeddable":true,"href":"https:\/\/archive.sana.sy\/tr\/index.php?rest_route=\/wp\/v2\/media\/229088"}],"wp:attachment":[{"href":"https:\/\/archive.sana.sy\/tr\/index.php?rest_route=%2Fwp%2Fv2%2Fmedia&parent=229087"}],"wp:term":[{"taxonomy":"category","embeddable":true,"href":"https:\/\/archive.sana.sy\/tr\/index.php?rest_route=%2Fwp%2Fv2%2Fcategories&post=229087"},{"taxonomy":"post_tag","embeddable":true,"href":"https:\/\/archive.sana.sy\/tr\/index.php?rest_route=%2Fwp%2Fv2%2Ftags&post=229087"}],"curies":[{"name":"wp","href":"https:\/\/api.w.org\/{rel}","templated":true}]}}