{"id":229091,"date":"2021-02-20T12:59:50","date_gmt":"2021-02-20T10:59:50","guid":{"rendered":"http:\/\/107.6.182.27\/tr\/?p=229091"},"modified":"2021-02-21T08:18:36","modified_gmt":"2021-02-21T06:18:36","slug":"halep-kirsalinda-bir-patlamada-turk-isgalinin-kiraliklarindan-bir-lideri-olduruldu-digerleri-de-yaralandi","status":"publish","type":"post","link":"https:\/\/archive.sana.sy\/tr\/?p=229091","title":{"rendered":"Halep K\u0131rsal\u0131nda Bir Patlamada T\u00fcrk \u0130\u015fgalinin Kiral\u0131klar\u0131ndan Bir Lideri \u00d6ld\u00fcr\u00fcld\u00fc, Di\u011ferleri De Yaraland\u0131."},"content":{"rendered":"<p>HALEP \u2013 \u0130\u015fgalci T\u00fcrk g\u00fc\u00e7lerinin kiral\u0131k ter\u00f6ristlerin liderlerinden biri, Halep k\u0131rsal\u0131n\u0131n kuzeyinde yer alan el Raai b\u00f6lgesindeki toplanma yerlerinden birinde meydana gelen patlamada \u00f6ld\u00fcr\u00fcld\u00fc, di\u011ferleri de yaraland\u0131.<\/p>\n<p>Yerel kaynaklar SANA muhabirine, Halep k\u0131rsal\u0131n\u0131n kuzeydo\u011funda yer alan el Bab b\u00f6lgesine tabi el Raai b\u00f6lgesinde, i\u015fgalci T\u00fcrk g\u00fc\u00e7lerinin kiral\u0131klar\u0131n\u0131 e\u011fitmek i\u00e7in belirlenen toplanma yerlerinden\u00a0 birinde meydana gelen patlamada s\u00f6zde \u201cSultan Murat\u201d ter\u00f6r \u00f6rg\u00fct\u00fcn\u00fcn liderlerinden birinin \u00f6ld\u00fc\u011f\u00fcn\u00fc, di\u011ferlerinin de yaraland\u0131\u011f\u0131n\u0131 belirtti.<\/p>\n","protected":false},"excerpt":{"rendered":"<p>HALEP \u2013 \u0130\u015fgalci T\u00fcrk g\u00fc\u00e7lerinin kiral\u0131k ter\u00f6ristlerin liderlerinden biri, Halep k\u0131rsal\u0131n\u0131n kuzeyinde yer alan el Raai b\u00f6lgesindeki toplanma yerlerinden birinde meydana gelen patlamada \u00f6ld\u00fcr\u00fcld\u00fc, di\u011ferleri de yaraland\u0131. Yerel kaynaklar SANA muhabirine, Halep k\u0131rsal\u0131n\u0131n kuzeydo\u011funda yer alan el Bab b\u00f6lgesine tabi el Raai b\u00f6lgesinde, i\u015fgalci T\u00fcrk g\u00fc\u00e7lerinin kiral\u0131klar\u0131n\u0131 e\u011fitmek i\u00e7in belirlenen toplanma yerlerinden\u00a0 birinde meydana gelen &hellip;<\/p>\n","protected":false},"author":36,"featured_media":229093,"comment_status":"closed","ping_status":"closed","sticky":false,"template":"","format":"standard","meta":{"footnotes":""},"categories":[479,575,17988,2554,2555,478],"tags":[],"class_list":["post-229091","post","type-post","status-publish","format-standard","has-post-thumbnail","","category-haberler-yerel","category-olaylar-ve-gercekler","category-son-haberler","category-suriye-ve-dunya","category-suriye-ve-turkiye","category-yerel"],"_links":{"self":[{"href":"https:\/\/archive.sana.sy\/tr\/index.php?rest_route=\/wp\/v2\/posts\/229091","targetHints":{"allow":["GET"]}}],"collection":[{"href":"https:\/\/archive.sana.sy\/tr\/index.php?rest_route=\/wp\/v2\/posts"}],"about":[{"href":"https:\/\/archive.sana.sy\/tr\/index.php?rest_route=\/wp\/v2\/types\/post"}],"author":[{"embeddable":true,"href":"https:\/\/archive.sana.sy\/tr\/index.php?rest_route=\/wp\/v2\/users\/36"}],"replies":[{"embeddable":true,"href":"https:\/\/archive.sana.sy\/tr\/index.php?rest_route=%2Fwp%2Fv2%2Fcomments&post=229091"}],"version-history":[{"count":0,"href":"https:\/\/archive.sana.sy\/tr\/index.php?rest_route=\/wp\/v2\/posts\/229091\/revisions"}],"wp:featuredmedia":[{"embeddable":true,"href":"https:\/\/archive.sana.sy\/tr\/index.php?rest_route=\/wp\/v2\/media\/229093"}],"wp:attachment":[{"href":"https:\/\/archive.sana.sy\/tr\/index.php?rest_route=%2Fwp%2Fv2%2Fmedia&parent=229091"}],"wp:term":[{"taxonomy":"category","embeddable":true,"href":"https:\/\/archive.sana.sy\/tr\/index.php?rest_route=%2Fwp%2Fv2%2Fcategories&post=229091"},{"taxonomy":"post_tag","embeddable":true,"href":"https:\/\/archive.sana.sy\/tr\/index.php?rest_route=%2Fwp%2Fv2%2Ftags&post=229091"}],"curies":[{"name":"wp","href":"https:\/\/api.w.org\/{rel}","templated":true}]}}