{"id":229094,"date":"2021-02-20T13:49:41","date_gmt":"2021-02-20T11:49:41","guid":{"rendered":"http:\/\/107.6.182.27\/tr\/?p=229094"},"modified":"2021-02-23T08:14:01","modified_gmt":"2021-02-23T06:14:01","slug":"cumhurbaskani-esad-mikro-finans-bankalari-kurulmasi-iliskin-kararname-yayinladi","status":"publish","type":"post","link":"https:\/\/archive.sana.sy\/tr\/?p=229094","title":{"rendered":"Cumhurba\u015fkan\u0131 Esad, &#8220;Mikro Finans Bankalar\u0131&#8221; Kurulmas\u0131 \u0130li\u015fkin Kararname Yay\u0131nlad\u0131"},"content":{"rendered":"<p>\u015eAM \u2013 Cumhurba\u015fkan\u0131 Be\u015far Esad bug\u00fcn; bu segment ek gelir sa\u011flamak, i\u015f f\u0131rsatlar\u0131 yaratmak ve s\u00fcrd\u00fcr\u00fclebilir kalk\u0131nma sa\u011flamak i\u00e7in, K\u00fc\u00e7\u00fck \u00fcreticilerin, k\u00fc\u00e7\u00fck i\u015fletme sahiplerinin ve d\u00fc\u015f\u00fck gelirli olan ve geliri olmayanlar\u0131n projelerine operasyonel krediler vererek gerekli finansman\u0131n sa\u011flanmas\u0131 amac\u0131yla \u201cmikro finans bankalar\u0131n\u0131n\u201d kurulmas\u0131na izin verilmesi ile ilgili 2021 tarihli 8 say\u0131l\u0131 kararnameyi \u00e7\u0131kard\u0131.<\/p>\n<p>\u00c7eviri: M.Y<\/p>\n","protected":false},"excerpt":{"rendered":"<p>\u015eAM \u2013 Cumhurba\u015fkan\u0131 Be\u015far Esad bug\u00fcn; bu segment ek gelir sa\u011flamak, i\u015f f\u0131rsatlar\u0131 yaratmak ve s\u00fcrd\u00fcr\u00fclebilir kalk\u0131nma sa\u011flamak i\u00e7in, K\u00fc\u00e7\u00fck \u00fcreticilerin, k\u00fc\u00e7\u00fck i\u015fletme sahiplerinin ve d\u00fc\u015f\u00fck gelirli olan ve geliri olmayanlar\u0131n projelerine operasyonel krediler vererek gerekli finansman\u0131n sa\u011flanmas\u0131 amac\u0131yla \u201cmikro finans bankalar\u0131n\u0131n\u201d kurulmas\u0131na izin verilmesi ile ilgili 2021 tarihli 8 say\u0131l\u0131 kararnameyi \u00e7\u0131kard\u0131. \u00c7eviri: M.Y<\/p>\n","protected":false},"author":36,"featured_media":229095,"comment_status":"closed","ping_status":"closed","sticky":false,"template":"","format":"standard","meta":{"footnotes":""},"categories":[479,605,17988,612,599,478],"tags":[],"class_list":["post-229094","post","type-post","status-publish","format-standard","has-post-thumbnail","","category-haberler-yerel","category-sayin-cumhurbaskani","category-son-haberler","category-yasama-kararnameler","category-yasama-ve-kanunlar","category-yerel"],"_links":{"self":[{"href":"https:\/\/archive.sana.sy\/tr\/index.php?rest_route=\/wp\/v2\/posts\/229094","targetHints":{"allow":["GET"]}}],"collection":[{"href":"https:\/\/archive.sana.sy\/tr\/index.php?rest_route=\/wp\/v2\/posts"}],"about":[{"href":"https:\/\/archive.sana.sy\/tr\/index.php?rest_route=\/wp\/v2\/types\/post"}],"author":[{"embeddable":true,"href":"https:\/\/archive.sana.sy\/tr\/index.php?rest_route=\/wp\/v2\/users\/36"}],"replies":[{"embeddable":true,"href":"https:\/\/archive.sana.sy\/tr\/index.php?rest_route=%2Fwp%2Fv2%2Fcomments&post=229094"}],"version-history":[{"count":0,"href":"https:\/\/archive.sana.sy\/tr\/index.php?rest_route=\/wp\/v2\/posts\/229094\/revisions"}],"wp:featuredmedia":[{"embeddable":true,"href":"https:\/\/archive.sana.sy\/tr\/index.php?rest_route=\/wp\/v2\/media\/229095"}],"wp:attachment":[{"href":"https:\/\/archive.sana.sy\/tr\/index.php?rest_route=%2Fwp%2Fv2%2Fmedia&parent=229094"}],"wp:term":[{"taxonomy":"category","embeddable":true,"href":"https:\/\/archive.sana.sy\/tr\/index.php?rest_route=%2Fwp%2Fv2%2Fcategories&post=229094"},{"taxonomy":"post_tag","embeddable":true,"href":"https:\/\/archive.sana.sy\/tr\/index.php?rest_route=%2Fwp%2Fv2%2Ftags&post=229094"}],"curies":[{"name":"wp","href":"https:\/\/api.w.org\/{rel}","templated":true}]}}