{"id":229101,"date":"2021-02-20T23:12:36","date_gmt":"2021-02-20T21:12:36","guid":{"rendered":"http:\/\/107.6.182.27\/tr\/?p=229101"},"modified":"2021-02-23T08:14:10","modified_gmt":"2021-02-23T06:14:10","slug":"gulfood-dubai-fuarina-40-suriyeli-gida-sirketi-katiliyor","status":"publish","type":"post","link":"https:\/\/archive.sana.sy\/tr\/?p=229101","title":{"rendered":"Gulfood Dubai Fuar\u0131na 40 Suriyeli G\u0131da \u015eirketi Kat\u0131l\u0131yor"},"content":{"rendered":"<p>Dubai &#8211; Yar\u0131n ba\u015flay\u0131p \u00f6n\u00fcm\u00fczdeki Per\u015fembe g\u00fcn\u00fcne kadar devam edecek olan Gulfood Dubai D\u00fcnya G\u0131da Fuar\u0131&#8217;na Suriyeli en b\u00fcy\u00fck g\u0131da \u015firketlerinden yakla\u015f\u0131k 40 g\u0131da \u015firketi kat\u0131l\u0131yor.<\/p>\n<p>Suriye Sanayi Odalar\u0131 Federasyonu Merkez Sergi Komitesi Ba\u015fkan\u0131 Talal Kalac\u0131, SANA muhabirine yapt\u0131\u011f\u0131 a\u00e7\u0131klamada, Suriye pavyonuna 227 m2 bir alanda 20 Suriyeli sanayi \u015firketinin kat\u0131ld\u0131\u011f\u0131n\u0131 brelirtti.<\/p>\n<p>Kalac\u0131, fuar\u0131n Suriye g\u0131da \u00fcr\u00fcnlerini k\u00fcresel pazarlarda pazarlamak ve tan\u0131tmak, geleneksel pazarlara ihracat\u0131n\u0131 art\u0131rmak, varl\u0131klar\u0131n\u0131 art\u0131rmak, yeni pazarlar a\u00e7mak ve \u00fclke ekonomisini desteklemek i\u00e7in \u00f6nemli bir f\u0131rsat olu\u015fturdu\u011funu ifade etti.<\/p>\n","protected":false},"excerpt":{"rendered":"<p>Dubai &#8211; Yar\u0131n ba\u015flay\u0131p \u00f6n\u00fcm\u00fczdeki Per\u015fembe g\u00fcn\u00fcne kadar devam edecek olan Gulfood Dubai D\u00fcnya G\u0131da Fuar\u0131&#8217;na Suriyeli en b\u00fcy\u00fck g\u0131da \u015firketlerinden yakla\u015f\u0131k 40 g\u0131da \u015firketi kat\u0131l\u0131yor. Suriye Sanayi Odalar\u0131 Federasyonu Merkez Sergi Komitesi Ba\u015fkan\u0131 Talal Kalac\u0131, SANA muhabirine yapt\u0131\u011f\u0131 a\u00e7\u0131klamada, Suriye pavyonuna 227 m2 bir alanda 20 Suriyeli sanayi \u015firketinin kat\u0131ld\u0131\u011f\u0131n\u0131 brelirtti. Kalac\u0131, fuar\u0131n Suriye &hellip;<\/p>\n","protected":false},"author":1,"featured_media":229102,"comment_status":"closed","ping_status":"closed","sticky":false,"template":"","format":"standard","meta":{"footnotes":""},"categories":[458,459,17988],"tags":[],"class_list":["post-229101","post","type-post","status-publish","format-standard","has-post-thumbnail","","category-dunya1","category-haberler-arap-uluslararasi-politika","category-son-haberler"],"_links":{"self":[{"href":"https:\/\/archive.sana.sy\/tr\/index.php?rest_route=\/wp\/v2\/posts\/229101","targetHints":{"allow":["GET"]}}],"collection":[{"href":"https:\/\/archive.sana.sy\/tr\/index.php?rest_route=\/wp\/v2\/posts"}],"about":[{"href":"https:\/\/archive.sana.sy\/tr\/index.php?rest_route=\/wp\/v2\/types\/post"}],"author":[{"embeddable":true,"href":"https:\/\/archive.sana.sy\/tr\/index.php?rest_route=\/wp\/v2\/users\/1"}],"replies":[{"embeddable":true,"href":"https:\/\/archive.sana.sy\/tr\/index.php?rest_route=%2Fwp%2Fv2%2Fcomments&post=229101"}],"version-history":[{"count":0,"href":"https:\/\/archive.sana.sy\/tr\/index.php?rest_route=\/wp\/v2\/posts\/229101\/revisions"}],"wp:featuredmedia":[{"embeddable":true,"href":"https:\/\/archive.sana.sy\/tr\/index.php?rest_route=\/wp\/v2\/media\/229102"}],"wp:attachment":[{"href":"https:\/\/archive.sana.sy\/tr\/index.php?rest_route=%2Fwp%2Fv2%2Fmedia&parent=229101"}],"wp:term":[{"taxonomy":"category","embeddable":true,"href":"https:\/\/archive.sana.sy\/tr\/index.php?rest_route=%2Fwp%2Fv2%2Fcategories&post=229101"},{"taxonomy":"post_tag","embeddable":true,"href":"https:\/\/archive.sana.sy\/tr\/index.php?rest_route=%2Fwp%2Fv2%2Ftags&post=229101"}],"curies":[{"name":"wp","href":"https:\/\/api.w.org\/{rel}","templated":true}]}}