{"id":229137,"date":"2021-02-21T20:16:16","date_gmt":"2021-02-21T18:16:16","guid":{"rendered":"http:\/\/107.6.182.27\/tr\/?p=229137"},"modified":"2021-02-23T08:14:45","modified_gmt":"2021-02-23T06:14:45","slug":"eski-suriye-halkinin-istatistiklerinin-baslangicini-gosteren-11-bin-yillik-bazaltik-yazit","status":"publish","type":"post","link":"https:\/\/archive.sana.sy\/tr\/?p=229137","title":{"rendered":"Eski Suriye Halk\u0131n\u0131n \u0130statistiklerinin Ba\u015flang\u0131c\u0131n\u0131 G\u00f6steren 11 Bin Y\u0131ll\u0131k Bazaltik Yaz\u0131t"},"content":{"rendered":"<p style=\"text-align: justify;\">\u015eAM &#8211; \u015eam&#8217;daki Ulusal M\u00fcze&#8217;nin Tarih \u00d6ncesi Suriye B\u00f6l\u00fcm\u00fc&#8217;nden, Neolitik yeni ta\u015f devrine kadar uzanan y\u00fczeyi cilal\u0131 k\u00fc\u00e7\u00fck siyah ta\u015f &#8220;bazalt&#8221;\u00fczerine oyulmu\u015f bir yaz\u0131t g\u00f6zlerimizin \u00f6n\u00fcnde serili durumda.<\/p>\n<p style=\"text-align: justify;\">Halep ilinde F\u0131rat Nehri \u00fczerindeki El Curf El Ahmar mevkiinde bulunan ve arkeologlar taraf\u0131ndan M\u00d6 9200 ile 8800 y\u0131llar\u0131 aras\u0131nda oldu\u011fu tahmin edilen yaz\u0131t, \u00f6n y\u00fcz\u00fcnde bir b\u00f6ce\u011fi yakalayan bir bayku\u015f arka y\u00fcz\u00fcnde ise bo\u011fa ba\u015flar\u0131na ait resimler i\u00e7ermekte olup Arkeologlara g\u00f6re, eski Suriyeli insan\u0131n ilk say\u0131m\u0131 veya istatistiklerin ba\u015flang\u0131c\u0131n\u0131 do\u011frulayan en \u00f6nemli yaz\u0131tlardan biri.<\/p>\n<p style=\"text-align: justify;\">1980 y\u0131l\u0131nda Amerikal\u0131 arkeolog Tom McClellan taraf\u0131ndan, ara\u015ft\u0131rmac\u0131 Dr. Bessam Camus ba\u015fkanl\u0131\u011f\u0131ndaki Suriye taraf\u0131ndaki ortak bir Suriye-Frans\u0131z misyonundan \u00f6nce ke\u015ffedilen Curf El Ahmar b\u00f6lgesi Suriye&#8217;nin, d\u00fcnyan\u0131n erken d\u00f6nem Neolitik devrime ve tar\u0131m k\u00f6ylerinin ortaya \u00e7\u0131k\u0131\u015f\u0131na tan\u0131k olan birka\u00e7 b\u00f6lgeden birisinin oldu\u011funa dair delil olu\u015fturdu\u011funu dile getiriyor.<\/p>\n","protected":false},"excerpt":{"rendered":"<p>\u015eAM &#8211; \u015eam&#8217;daki Ulusal M\u00fcze&#8217;nin Tarih \u00d6ncesi Suriye B\u00f6l\u00fcm\u00fc&#8217;nden, Neolitik yeni ta\u015f devrine kadar uzanan y\u00fczeyi cilal\u0131 k\u00fc\u00e7\u00fck siyah ta\u015f &#8220;bazalt&#8221;\u00fczerine oyulmu\u015f bir yaz\u0131t g\u00f6zlerimizin \u00f6n\u00fcnde serili durumda. Halep ilinde F\u0131rat Nehri \u00fczerindeki El Curf El Ahmar mevkiinde bulunan ve arkeologlar taraf\u0131ndan M\u00d6 9200 ile 8800 y\u0131llar\u0131 aras\u0131nda oldu\u011fu tahmin edilen yaz\u0131t, \u00f6n y\u00fcz\u00fcnde bir &hellip;<\/p>\n","protected":false},"author":1,"featured_media":229138,"comment_status":"closed","ping_status":"closed","sticky":false,"template":"","format":"standard","meta":{"footnotes":""},"categories":[516,479,511,17988,478],"tags":[],"class_list":["post-229137","post","type-post","status-publish","format-standard","has-post-thumbnail","","category-haberler-kultur-ve-sanat","category-haberler-yerel","category-kultur-ve-sanat","category-son-haberler","category-yerel"],"_links":{"self":[{"href":"https:\/\/archive.sana.sy\/tr\/index.php?rest_route=\/wp\/v2\/posts\/229137","targetHints":{"allow":["GET"]}}],"collection":[{"href":"https:\/\/archive.sana.sy\/tr\/index.php?rest_route=\/wp\/v2\/posts"}],"about":[{"href":"https:\/\/archive.sana.sy\/tr\/index.php?rest_route=\/wp\/v2\/types\/post"}],"author":[{"embeddable":true,"href":"https:\/\/archive.sana.sy\/tr\/index.php?rest_route=\/wp\/v2\/users\/1"}],"replies":[{"embeddable":true,"href":"https:\/\/archive.sana.sy\/tr\/index.php?rest_route=%2Fwp%2Fv2%2Fcomments&post=229137"}],"version-history":[{"count":0,"href":"https:\/\/archive.sana.sy\/tr\/index.php?rest_route=\/wp\/v2\/posts\/229137\/revisions"}],"wp:featuredmedia":[{"embeddable":true,"href":"https:\/\/archive.sana.sy\/tr\/index.php?rest_route=\/wp\/v2\/media\/229138"}],"wp:attachment":[{"href":"https:\/\/archive.sana.sy\/tr\/index.php?rest_route=%2Fwp%2Fv2%2Fmedia&parent=229137"}],"wp:term":[{"taxonomy":"category","embeddable":true,"href":"https:\/\/archive.sana.sy\/tr\/index.php?rest_route=%2Fwp%2Fv2%2Fcategories&post=229137"},{"taxonomy":"post_tag","embeddable":true,"href":"https:\/\/archive.sana.sy\/tr\/index.php?rest_route=%2Fwp%2Fv2%2Ftags&post=229137"}],"curies":[{"name":"wp","href":"https:\/\/api.w.org\/{rel}","templated":true}]}}