{"id":229169,"date":"2021-02-22T22:34:18","date_gmt":"2021-02-22T20:34:18","guid":{"rendered":"http:\/\/107.6.182.27\/tr\/?p=229169"},"modified":"2021-02-24T08:16:22","modified_gmt":"2021-02-24T06:16:22","slug":"el-mikdad-ile-pedersen-gorusmesinde-suriyedeki-ekonomik-durumu-turk-ve-amerikan-isgallerinin-uygulamalarini-tartisildi","status":"publish","type":"post","link":"https:\/\/archive.sana.sy\/tr\/?p=229169","title":{"rendered":"El Mikdad \u0130le Pedersen G\u00f6r\u00fc\u015fmesinde Suriye&#8217;deki Ekonomik Durumu, T\u00fcrk ve Amerikan \u0130\u015fgallerinin Uygulamalar\u0131n\u0131 Tart\u0131\u015f\u0131ld\u0131"},"content":{"rendered":"<p style=\"text-align: justify;\">\u015eAM \u2013 D\u0131\u015fi\u015fleri ve Gurbet\u00e7iler Bakan\u0131 Feysal el Mikdad, bu sabah Birle\u015fmi\u015f Milletler Genel Sekreteri&#8217;nin Suriye \u00d6zel el\u00e7isi Geir Pedersen ve beraberindeki heyet ile bulundu\u011fu g\u00f6r\u00fc\u015fmede, . Suriye&#8217;deki durumla ilgili bir dizi konuyu ele ald\u0131.<\/p>\n<p style=\"text-align: justify;\">Tart\u0131\u015fmada siyasi s\u00fcrece ve ekonomik duruma de\u011finilirken, tek tarafl\u0131 zorlay\u0131c\u0131 tedbirlerin, \u00f6zellikle korona salg\u0131n\u0131n\u0131n yay\u0131lmas\u0131 \u0131\u015f\u0131\u011f\u0131nda bu durumu daha da zorla\u015ft\u0131rd\u0131\u011f\u0131 konusunda g\u00f6r\u00fc\u015f birli\u011fine var\u0131ld\u0131.<\/p>\n<p style=\"text-align: justify;\">Bakan el Mikdad, Suriye topraklar\u0131n\u0131n Amerikan ve T\u00fcrk i\u015fgali ve Suriye&#8217;nin kuzeydo\u011fusundaki T\u00fcrk i\u015fgal uygulamalar\u0131n\u0131n Suriye&#8217;de ter\u00f6ristlere deste\u011finin Suriye egemenli\u011fini ve uluslararas\u0131 hukuku ve Suriye ile ilgili t\u00fcm G\u00fcvenlik Konseyi kararlar\u0131n\u0131 ihlal etti\u011fini belirtti. Bu ba\u011flamda el Mikdad korona salg\u0131n\u0131n\u0131n yay\u0131lmas\u0131na ra\u011fmen Suriye halk\u0131na uygulanan tek tarafl\u0131 zorlay\u0131c\u0131 tedbirlerin insani sonu\u00e7lar\u0131na ve ayr\u0131ca Haseke, Rakka ve Deyrezzor illerinde \u201cDSG\u201d milislerinin Suriye halk\u0131na y\u00f6nelik cezai ve bask\u0131c\u0131 uygulamalar\u0131na i\u015faret etti.<\/p>\n<p style=\"text-align: justify;\">Bakan el Mikdad, t\u00fcm bu uygulamalara kar\u015f\u0131 G\u00fcvenlik Konseyi taraf\u0131ndan verilen t\u00fcz\u00fck ve uluslararas\u0131 kararlar uyar\u0131nca Birle\u015fmi\u015f Milletler&#8217;e sesini y\u00fckseltmeye ve bu konuda uluslararas\u0131 insanc\u0131l hukukun dayand\u0131\u011f\u0131 ilke ve hedeflerle tutarl\u0131 olan net bir tutum almaya \u00e7a\u011f\u0131rd\u0131.<\/p>\n<p style=\"text-align: justify;\">G\u00f6r\u00fc\u015fmede iki taraf, Anayasa Tart\u0131\u015fma Komitesi&#8217;nin i\u015flerine kar\u0131\u015fmamas\u0131n\u0131 sa\u011flaman\u0131n \u00f6nemini ve yurtd\u0131\u015f\u0131ndan empoze edilen \u00e7al\u0131\u015fmalar\u0131 i\u00e7in herhangi bir takvim belirlenmedi\u011fini vurgulad\u0131.<\/p>\n<p style=\"text-align: justify;\">Pedersen gazetecilere yapt\u0131\u011f\u0131 a\u00e7\u0131klamada ise, Bakan el Mikdad ile yapt\u0131\u011f\u0131 g\u00f6r\u00fc\u015fmeleri geni\u015f ve kapsaml\u0131 olarak nitelendirerek, 2254 say\u0131l\u0131 Karar ile ilgili t\u00fcm konular\u0131n tart\u0131\u015f\u0131ld\u0131\u011f\u0131n\u0131, bug\u00fcn ve yar\u0131n daha fazla tart\u0131\u015fman\u0131n yap\u0131laca\u011f\u0131n\u0131 s\u00f6zlerine ekledi.<\/p>\n","protected":false},"excerpt":{"rendered":"<p>\u015eAM \u2013 D\u0131\u015fi\u015fleri ve Gurbet\u00e7iler Bakan\u0131 Feysal el Mikdad, bu sabah Birle\u015fmi\u015f Milletler Genel Sekreteri&#8217;nin Suriye \u00d6zel el\u00e7isi Geir Pedersen ve beraberindeki heyet ile bulundu\u011fu g\u00f6r\u00fc\u015fmede, . Suriye&#8217;deki durumla ilgili bir dizi konuyu ele ald\u0131. Tart\u0131\u015fmada siyasi s\u00fcrece ve ekonomik duruma de\u011finilirken, tek tarafl\u0131 zorlay\u0131c\u0131 tedbirlerin, \u00f6zellikle korona salg\u0131n\u0131n\u0131n yay\u0131lmas\u0131 \u0131\u015f\u0131\u011f\u0131nda bu durumu daha da &hellip;<\/p>\n","protected":false},"author":1,"featured_media":229170,"comment_status":"closed","ping_status":"closed","sticky":false,"template":"","format":"standard","meta":{"footnotes":""},"categories":[479,17988,478],"tags":[],"class_list":["post-229169","post","type-post","status-publish","format-standard","has-post-thumbnail","","category-haberler-yerel","category-son-haberler","category-yerel"],"_links":{"self":[{"href":"https:\/\/archive.sana.sy\/tr\/index.php?rest_route=\/wp\/v2\/posts\/229169","targetHints":{"allow":["GET"]}}],"collection":[{"href":"https:\/\/archive.sana.sy\/tr\/index.php?rest_route=\/wp\/v2\/posts"}],"about":[{"href":"https:\/\/archive.sana.sy\/tr\/index.php?rest_route=\/wp\/v2\/types\/post"}],"author":[{"embeddable":true,"href":"https:\/\/archive.sana.sy\/tr\/index.php?rest_route=\/wp\/v2\/users\/1"}],"replies":[{"embeddable":true,"href":"https:\/\/archive.sana.sy\/tr\/index.php?rest_route=%2Fwp%2Fv2%2Fcomments&post=229169"}],"version-history":[{"count":0,"href":"https:\/\/archive.sana.sy\/tr\/index.php?rest_route=\/wp\/v2\/posts\/229169\/revisions"}],"wp:featuredmedia":[{"embeddable":true,"href":"https:\/\/archive.sana.sy\/tr\/index.php?rest_route=\/wp\/v2\/media\/229170"}],"wp:attachment":[{"href":"https:\/\/archive.sana.sy\/tr\/index.php?rest_route=%2Fwp%2Fv2%2Fmedia&parent=229169"}],"wp:term":[{"taxonomy":"category","embeddable":true,"href":"https:\/\/archive.sana.sy\/tr\/index.php?rest_route=%2Fwp%2Fv2%2Fcategories&post=229169"},{"taxonomy":"post_tag","embeddable":true,"href":"https:\/\/archive.sana.sy\/tr\/index.php?rest_route=%2Fwp%2Fv2%2Ftags&post=229169"}],"curies":[{"name":"wp","href":"https:\/\/api.w.org\/{rel}","templated":true}]}}