{"id":229172,"date":"2021-02-22T22:37:57","date_gmt":"2021-02-22T20:37:57","guid":{"rendered":"http:\/\/107.6.182.27\/tr\/?p=229172"},"modified":"2021-02-24T08:16:15","modified_gmt":"2021-02-24T06:16:15","slug":"el-mikdad-insan-haklari-konseyi-suriye-halkina-yonelik-tek-tarafli-zorlayici-tedbirlerin-neden-oldugu-agir-ihlalleri-birinci-oncelik-haline-getirmeli-video","status":"publish","type":"post","link":"https:\/\/archive.sana.sy\/tr\/?p=229172","title":{"rendered":"El Mikdad: \u0130nsan Haklar\u0131 Konseyi, Suriye Halk\u0131na Y\u00f6nelik Tek Tarafl\u0131 Zorlay\u0131c\u0131 Tedbirlerin Neden Oldu\u011fu A\u011f\u0131r \u0130hlalleri Birinci \u00d6ncelik Haline Getirmeli (V\u0130DEO)"},"content":{"rendered":"<p style=\"text-align: justify;\">CENEVRE \u2013 D\u0131\u015fi\u015fleri ve Gurbet\u00e7iler Bakan\u0131 Feysal el Mikdad, \u0130nsan Haklar\u0131 Konseyi&#8217;ni, Suriye halk\u0131na y\u00f6nelik tek tarafl\u0131 Amerikan ve Avrupa&#8217;n\u0131n zorlay\u0131c\u0131 tedbirlerinden kaynaklanan a\u011f\u0131r ve sistematik ihlalleri \u00f6ncelik haline getirmeye \u00e7a\u011f\u0131rd\u0131.<\/p>\n<p style=\"text-align: justify;\">El Mikdad, bug\u00fcn Cenevre&#8217;deki \u0130nsan Haklar\u0131 Konseyi&#8217;nin 46. oturumunda \u00fcst d\u00fczey kesimin \u00f6n\u00fcnde video ba\u011flant\u0131s\u0131 \u00fczerine bulundu\u011fu konu\u015fmada, bu zorlay\u0131c\u0131 tedbirlerin s\u0131radan vatanda\u015flar\u0131 etkilemedi\u011fini iddia edenlerin yalan s\u00f6yledi\u011fini vurgulad\u0131. El Mikdad, bu tedbirlerin vatanda\u015flar\u0131 yaln\u0131zca temel ihtiya\u00e7lar\u0131nda etkiledi\u011finin alt\u0131n\u0131 \u00e7izerek, bir kez daha Suriye&#8217;nin ter\u00f6rle m\u00fccadeleye devam etme ve topraklar\u0131ndaki herhangi bir yasad\u0131\u015f\u0131 varl\u0131\u011f\u0131 sona erdirme konusundaki yasal hakk\u0131n\u0131 kullanma kararl\u0131l\u0131\u011f\u0131n\u0131 teyit etti.<\/p>\n<p style=\"text-align: justify;\">\u0130nsan Haklar\u0131 Konsey\u2019in \u00e7al\u0131\u015fma durumu ile ilgili olarak el Mikdad; \u201cBu konseyi kurduktan on be\u015f y\u0131l sonra, Bat\u0131 \u00fclkelerinin insan haklar\u0131yla ilgilenirken \u00e7ifte standartlara ve se\u00e7icili\u011fe dayal\u0131 bir yakla\u015f\u0131m\u0131 empoze etmek i\u00e7in konseyin platformunu ve mekanizmalar\u0131n\u0131 kullanmaya devam etmeleri ve Siyasi y\u00f6nelimlerine ayk\u0131r\u0131 olan devletleri insan haklar\u0131n\u0131 ihlal etmekle su\u00e7lamak ve bunu i\u00e7i\u015flerine kar\u0131\u015fmak i\u00e7in bahane olarak kullanmaktan dolay\u0131 \u00fczg\u00fcn\u00fcz\u201d dedi.<\/p>\n<p style=\"text-align: justify;\"><span style=\"color: #0000ff;\">Suriye \u0130le \u0130lgili Karar Taslaklar\u0131n\u0131 Benimseyenlerin Bir K\u0131sm\u0131, \u0130nsan Haklar\u0131n\u0131 En \u00c7ok \u0130hlal Eden H\u00fck\u00fcmetler Aras\u0131nda Yer Al\u0131yor<\/span><\/p>\n<p style=\"text-align: justify;\">El Mikdad, son on y\u0131lda bu konsey b\u00fcnyesinde yer alan baz\u0131 \u00fclkelerin Suriye&#8217;ye kar\u015f\u0131 y\u00f6nelttikleri giri\u015fimlerin, \u00fclkelerin siyasalla\u015ft\u0131r\u0131lm\u0131\u015f mekanizmalar kurmak ve \u00e7e\u015fitli dezenformasyon bi\u00e7imleriyle g\u00f6lgede kalan oturumlar d\u00fczenlemek i\u00e7in kararlar\u0131na nas\u0131l yat\u0131r\u0131m yap\u0131laca\u011f\u0131na dair en a\u00e7\u0131k \u00f6rnek oldu\u011funu, k\u0131\u015fk\u0131rtma ve \u00e7ifte standart oldu\u011funa i\u015faret ederken, bunun sadece ter\u00f6rizmin yay\u0131lmas\u0131na katk\u0131da bulundu\u011funu s\u00f6yledi. Bu ba\u011flamda el Mikdad, \u201cNe yaz\u0131k ki Suriye ile ilgili karar taslaklar\u0131n\u0131 benimseyenlerin bir k\u0131sm\u0131 insan haklar\u0131n\u0131 en \u00e7ok ihlal eden h\u00fck\u00fcmetler aras\u0131nda\u201d ifadelerini kulland\u0131.<\/p>\n<p style=\"text-align: justify;\">El Mikdad, Suriye Arap Cumhuriyeti&#8217;nde g\u00fcvenlik, ekonomik, e\u011fitim, insani ve g\u0131da ac\u0131s\u0131n\u0131 i\u00e7eren krizin baz\u0131 \u00fclkelerin Suriyelilerin ac\u0131s\u0131n\u0131 istismar etmek i\u00e7in \u00e7abalar\u0131 \u0131\u015f\u0131\u011f\u0131nda baz\u0131 b\u00f6l\u00fcmlerinin hala devam etti\u011fini belirtti.<\/p>\n<p style=\"text-align: justify;\"><span style=\"color: #0000ff;\">Suriye, Ter\u00f6rizmle M\u00fccadeleye Devam Etmeye Ve Topraklar\u0131ndaki Yasad\u0131\u015f\u0131 Varl\u0131klar\u0131 Sona Erdirmek \u0130\u00e7in Yasal Hakk\u0131n\u0131 Kullanmaya Kararl\u0131d\u0131r<\/span><\/p>\n<p style=\"text-align: justify;\">Bakan el Mikdad Suriye&#8217;nin ter\u00f6rle m\u00fccadeleye devam etmeye ve topraklar\u0131ndaki her t\u00fcrl\u00fc yasad\u0131\u015f\u0131 varl\u0131\u011f\u0131 sona erdirmek i\u00e7in yasal hakk\u0131n\u0131 kullanmaya kararl\u0131 oldu\u011funu vurgulad\u0131.<\/p>\n<p style=\"text-align: justify;\">El Mikdad, \u201cT\u00fcrk, Amerikan ve \u0130srail i\u015fgalinin \u0131\u015f\u0131\u011f\u0131nda, ter\u00f6rist gruplar ve ayr\u0131l\u0131k\u00e7\u0131 DSG milisleri, operat\u00f6rlerinin ve destek\u00e7ilerinin \u00e7\u0131karlar\u0131na hizmet etmek i\u00e7in a\u011f\u0131r ve sistematik insan haklar\u0131 ihlalleri yapmaya devam ediyor. Haseke \u0130li\u2019nde bir milyon vatanda\u015fa toplu ceza olarak su kesmek, T\u00fcrk i\u015fgal g\u00fc\u00e7leri ve onun ter\u00f6rist gruplar\u0131n\u0131n Suriye topraklar\u0131nda i\u015fledikleri b\u00fcy\u00fck ve sistematik ihlallerin \u00f6rneklerinden biridir\u201d dedi.<\/p>\n<p style=\"text-align: justify;\">El Mikdad, \u201cSuriye topraklar\u0131n\u0131n \u00e7o\u011funu ter\u00f6rizmden kurtard\u0131ktan sonra, devlet kurumlar\u0131 ter\u00f6rizmin yok etti\u011fi \u015feyleri yeniden in\u015fa etmek ve t\u00fcm Suriyelilerin \u015fehirlerine, k\u00f6ylerine ve kasabalar\u0131na onurlu ve g\u00f6n\u00fcll\u00fc olarak geri d\u00f6nmelerine elveri\u015fli bir ortam yaratmak i\u00e7in \u00e7al\u0131\u015f\u0131yor\u201d dedi. Bu ba\u011flamda devam eden el Mikdad, \u201cGe\u00e7ti\u011fimiz y\u0131l\u0131n sonlar\u0131nda ger\u00e7ekle\u015ftirilen M\u00fclteci Konferans\u0131, Suriye devletinin Suriyeli m\u00fcltecilerin d\u00f6n\u00fc\u015f\u00fc i\u00e7in uygun zemini olu\u015fturma ve bu alandaki \u00e7abalar\u0131m\u0131z\u0131 desteklemek isteyen \u00fclke ve kurumlarla i\u015fbirli\u011fi yapma \u00e7abalar\u0131n\u0131n bir par\u00e7as\u0131yd\u0131\u201d ifadeleri s\u00f6zlerine ekledi.<\/p>\n<p style=\"text-align: justify;\"><span style=\"color: #0000ff;\">Zorlay\u0131c\u0131 Tedbirlerin S\u0131radan Vatanda\u015flar\u0131 Etkilemedi\u011fini \u0130ddia Edenler Yalan S\u00f6yl\u00fcyor<\/span><\/p>\n<p style=\"text-align: justify;\">El Mikdad, bu tedbirlerin s\u0131radan vatanda\u015flar\u0131 etkilemedi\u011fini iddia edenlerin yalan s\u00f6yledi\u011fini, \u00e7\u00fcnk\u00fc zorlay\u0131c\u0131 tedbirlerin \u00f6zellikle bu vatanda\u015flar\u0131 temel ihtiya\u00e7lar\u0131nda etkiledi\u011fini belirtti.<\/p>\n<p style=\"text-align: justify;\">El Mikdad, bu tedbirlerin kald\u0131r\u0131lmas\u0131n\u0131n insan haklar\u0131n\u0131n tam olarak ger\u00e7ekle\u015ftirilmesinin \u00f6n\u00fcndeki ciddi zorluklar\u0131n ortadan kald\u0131r\u0131lmas\u0131 i\u00e7in temel bir garanti oldu\u011funu vurgularken, bu nedenle Suriye Arap Cumhuriyeti, \u0130nsan Haklar\u0131 Konseyi&#8217;ni bunlardan kaynaklanan ciddi, sistematik ve yayg\u0131n ihlalleri \u00f6ncelik olarak yerle\u015ftirmeye \u00e7a\u011f\u0131rd\u0131\u011f\u0131n\u0131 dile getirdi.<\/p>\n<p style=\"text-align: justify;\">El Mikdad, Ge\u00e7ti\u011fimiz g\u00fcnlerde Cenevre&#8217;de Birle\u015fmi\u015f Milletler&#8217;in kolayla\u015ft\u0131rmas\u0131yla d\u00fczenlenen anayasa tart\u0131\u015fma komitesinin be\u015finci turu toplant\u0131lar\u0131n\u0131n sona ermesiyle komitenin m\u00fcnhas\u0131r karar verici oldu\u011funa yeniden vurgu yaparken, komitenin, kendisine verilen g\u00f6revdeki ba\u015far\u0131s\u0131n\u0131n, bu s\u00fcrecin Suriye&#8217;nin liderli\u011fi ve m\u00fclkiyeti alt\u0131nda y\u00fcr\u00fct\u00fclmesine ba\u011fl\u0131l\u0131\u011f\u0131, i\u015flerine herhangi bir taraf\u0131n kar\u0131\u015fmamas\u0131 ve Suriye halk\u0131n\u0131n \u00fclkelerinin gelece\u011fi belirleme konusundaki m\u00fcnhas\u0131r hakk\u0131na sayg\u0131 g\u00f6sterilmesini gerektirdi\u011fini belirtti.<\/p>\n<p style=\"text-align: justify;\">\u00d6te yandan el Mikdad, \u0130srail i\u015fgalinin Do\u011fu Kud\u00fcs dahil \u0130\u015fgal Alt\u0131ndaki Filistin Topraklar\u0131nda ve i\u015fgal alt\u0131ndaki Suriye Arap Golan&#8217;da ayr\u0131mc\u0131 ve bask\u0131c\u0131 uygulamalarla sistematik insan haklar\u0131 ihlallerini s\u00fcrd\u00fcrd\u00fc\u011f\u00fcn\u00fc belirtti.<\/p>\n<p style=\"text-align: justify;\">Bu ba\u011flamda devam ederek el Mikdad, \u201cBuradan, konseyin g\u00fcndeminin organik olarak \u0130srail i\u015fgalinin devam\u0131 ve ihlallerinin t\u0131rmanmas\u0131yla ba\u011flant\u0131l\u0131 olan yedinci maddesine tam deste\u011fimizi yeniliyoruz\u201d dedi.<\/p>\n<p><iframe loading=\"lazy\" src=\"https:\/\/www.youtube.com\/embed\/Z5J4vCdukUA\" width=\"620\" height=\"348\" frameborder=\"0\" allowfullscreen=\"allowfullscreen\"><\/iframe><\/p>\n","protected":false},"excerpt":{"rendered":"<p>CENEVRE \u2013 D\u0131\u015fi\u015fleri ve Gurbet\u00e7iler Bakan\u0131 Feysal el Mikdad, \u0130nsan Haklar\u0131 Konseyi&#8217;ni, Suriye halk\u0131na y\u00f6nelik tek tarafl\u0131 Amerikan ve Avrupa&#8217;n\u0131n zorlay\u0131c\u0131 tedbirlerinden kaynaklanan a\u011f\u0131r ve sistematik ihlalleri \u00f6ncelik haline getirmeye \u00e7a\u011f\u0131rd\u0131. El Mikdad, bug\u00fcn Cenevre&#8217;deki \u0130nsan Haklar\u0131 Konseyi&#8217;nin 46. oturumunda \u00fcst d\u00fczey kesimin \u00f6n\u00fcnde video ba\u011flant\u0131s\u0131 \u00fczerine bulundu\u011fu konu\u015fmada, bu zorlay\u0131c\u0131 tedbirlerin s\u0131radan vatanda\u015flar\u0131 etkilemedi\u011fini &hellip;<\/p>\n","protected":false},"author":1,"featured_media":229174,"comment_status":"closed","ping_status":"closed","sticky":false,"template":"","format":"standard","meta":{"footnotes":""},"categories":[458,459,17988],"tags":[],"class_list":["post-229172","post","type-post","status-publish","format-standard","has-post-thumbnail","","category-dunya1","category-haberler-arap-uluslararasi-politika","category-son-haberler"],"_links":{"self":[{"href":"https:\/\/archive.sana.sy\/tr\/index.php?rest_route=\/wp\/v2\/posts\/229172","targetHints":{"allow":["GET"]}}],"collection":[{"href":"https:\/\/archive.sana.sy\/tr\/index.php?rest_route=\/wp\/v2\/posts"}],"about":[{"href":"https:\/\/archive.sana.sy\/tr\/index.php?rest_route=\/wp\/v2\/types\/post"}],"author":[{"embeddable":true,"href":"https:\/\/archive.sana.sy\/tr\/index.php?rest_route=\/wp\/v2\/users\/1"}],"replies":[{"embeddable":true,"href":"https:\/\/archive.sana.sy\/tr\/index.php?rest_route=%2Fwp%2Fv2%2Fcomments&post=229172"}],"version-history":[{"count":0,"href":"https:\/\/archive.sana.sy\/tr\/index.php?rest_route=\/wp\/v2\/posts\/229172\/revisions"}],"wp:featuredmedia":[{"embeddable":true,"href":"https:\/\/archive.sana.sy\/tr\/index.php?rest_route=\/wp\/v2\/media\/229174"}],"wp:attachment":[{"href":"https:\/\/archive.sana.sy\/tr\/index.php?rest_route=%2Fwp%2Fv2%2Fmedia&parent=229172"}],"wp:term":[{"taxonomy":"category","embeddable":true,"href":"https:\/\/archive.sana.sy\/tr\/index.php?rest_route=%2Fwp%2Fv2%2Fcategories&post=229172"},{"taxonomy":"post_tag","embeddable":true,"href":"https:\/\/archive.sana.sy\/tr\/index.php?rest_route=%2Fwp%2Fv2%2Ftags&post=229172"}],"curies":[{"name":"wp","href":"https:\/\/api.w.org\/{rel}","templated":true}]}}