{"id":229179,"date":"2021-02-23T08:25:32","date_gmt":"2021-02-23T06:25:32","guid":{"rendered":"http:\/\/107.6.182.27\/tr\/?p=229179"},"modified":"2021-02-24T08:15:11","modified_gmt":"2021-02-24T06:15:11","slug":"dsg-milislerinin-kontrolu-altindaki-el-hol-kampinda-bir-cocuk-vefat-etti-4","status":"publish","type":"post","link":"https:\/\/archive.sana.sy\/tr\/?p=229179","title":{"rendered":"DSG Milislerinin Kontrol\u00fc Alt\u0131ndaki El Hol Kamp\u0131nda Bir \u00c7ocuk Vefat Etti"},"content":{"rendered":"<p>HASEKE \u2013 Haseke \u015fehrinin do\u011fusundaki i\u015fgalci Amerikan g\u00fc\u00e7leri taraf\u0131nda desteklenen DSG milislerinin kontrol ettikleri el Hol kamp\u0131nda, kamp sakinlerine sa\u011flanan sa\u011fl\u0131k hizmetlerinin eksikli\u011fi nedeniyle bir \u00e7ocuk vefat etti.<\/p>\n<p>Yerel kaynaklar SANA muhabirine, Haseke k\u0131rsal\u0131n\u0131n do\u011fusunda yer alan el Hol kamp\u0131nda bir \u00e7ocu\u011fun, sa\u011fl\u0131k hizmetlerinin eksikli\u011fi nedeniyle vefat etti\u011fini belirtti.<\/p>\n<p>\u00c7eviri: M.Y<\/p>\n","protected":false},"excerpt":{"rendered":"<p>HASEKE \u2013 Haseke \u015fehrinin do\u011fusundaki i\u015fgalci Amerikan g\u00fc\u00e7leri taraf\u0131nda desteklenen DSG milislerinin kontrol ettikleri el Hol kamp\u0131nda, kamp sakinlerine sa\u011flanan sa\u011fl\u0131k hizmetlerinin eksikli\u011fi nedeniyle bir \u00e7ocuk vefat etti. Yerel kaynaklar SANA muhabirine, Haseke k\u0131rsal\u0131n\u0131n do\u011fusunda yer alan el Hol kamp\u0131nda bir \u00e7ocu\u011fun, sa\u011fl\u0131k hizmetlerinin eksikli\u011fi nedeniyle vefat etti\u011fini belirtti. \u00c7eviri: M.Y<\/p>\n","protected":false},"author":36,"featured_media":229180,"comment_status":"closed","ping_status":"closed","sticky":false,"template":"","format":"standard","meta":{"footnotes":""},"categories":[479,575,17988,478],"tags":[],"class_list":["post-229179","post","type-post","status-publish","format-standard","has-post-thumbnail","","category-haberler-yerel","category-olaylar-ve-gercekler","category-son-haberler","category-yerel"],"_links":{"self":[{"href":"https:\/\/archive.sana.sy\/tr\/index.php?rest_route=\/wp\/v2\/posts\/229179","targetHints":{"allow":["GET"]}}],"collection":[{"href":"https:\/\/archive.sana.sy\/tr\/index.php?rest_route=\/wp\/v2\/posts"}],"about":[{"href":"https:\/\/archive.sana.sy\/tr\/index.php?rest_route=\/wp\/v2\/types\/post"}],"author":[{"embeddable":true,"href":"https:\/\/archive.sana.sy\/tr\/index.php?rest_route=\/wp\/v2\/users\/36"}],"replies":[{"embeddable":true,"href":"https:\/\/archive.sana.sy\/tr\/index.php?rest_route=%2Fwp%2Fv2%2Fcomments&post=229179"}],"version-history":[{"count":0,"href":"https:\/\/archive.sana.sy\/tr\/index.php?rest_route=\/wp\/v2\/posts\/229179\/revisions"}],"wp:featuredmedia":[{"embeddable":true,"href":"https:\/\/archive.sana.sy\/tr\/index.php?rest_route=\/wp\/v2\/media\/229180"}],"wp:attachment":[{"href":"https:\/\/archive.sana.sy\/tr\/index.php?rest_route=%2Fwp%2Fv2%2Fmedia&parent=229179"}],"wp:term":[{"taxonomy":"category","embeddable":true,"href":"https:\/\/archive.sana.sy\/tr\/index.php?rest_route=%2Fwp%2Fv2%2Fcategories&post=229179"},{"taxonomy":"post_tag","embeddable":true,"href":"https:\/\/archive.sana.sy\/tr\/index.php?rest_route=%2Fwp%2Fv2%2Ftags&post=229179"}],"curies":[{"name":"wp","href":"https:\/\/api.w.org\/{rel}","templated":true}]}}