{"id":229182,"date":"2021-02-23T08:34:44","date_gmt":"2021-02-23T06:34:44","guid":{"rendered":"http:\/\/107.6.182.27\/tr\/?p=229182"},"modified":"2021-02-24T08:15:13","modified_gmt":"2021-02-24T06:15:13","slug":"dera-kirsalinda-bomba-duzenegi-patladi-2-sivil-yaralandai","status":"publish","type":"post","link":"https:\/\/archive.sana.sy\/tr\/?p=229182","title":{"rendered":"Dera K\u0131rsal\u0131nda Bomba D\u00fczene\u011fi Patlad\u0131, 2 Sivil Yaralanda\u0131"},"content":{"rendered":"<p>DERA \u2013 Dera k\u0131rsal\u0131n\u0131n bat\u0131s\u0131nda yer alan Tel \u015fhab beldesine giden yolda, ter\u00f6ristlerin \u00f6zel arac\u0131na yerle\u015ftirdikleri bir bomba d\u00fczene\u011finin patlamas\u0131 sonucu iki sivil yaraland\u0131.<\/p>\n<p>Dera Hastanesi Genel M\u00fcd\u00fcrl\u00fc\u011f\u00fc&#8217;nden bir kaynak SANA muhabirine, acil departman\u0131n\u0131n, arabalar\u0131nda bomba d\u00fczene\u011finin patlamas\u0131 sonucunda \u015farapnellerle yaralanan sivileri kabul etti\u011fini belirtirken, onlara gerekli t\u0131bbi yard\u0131m\u0131n sa\u011fland\u0131\u011f\u0131na i\u015faret etti.<\/p>\n<p>\u00c7eviri: M.Y<\/p>\n","protected":false},"excerpt":{"rendered":"<p>DERA \u2013 Dera k\u0131rsal\u0131n\u0131n bat\u0131s\u0131nda yer alan Tel \u015fhab beldesine giden yolda, ter\u00f6ristlerin \u00f6zel arac\u0131na yerle\u015ftirdikleri bir bomba d\u00fczene\u011finin patlamas\u0131 sonucu iki sivil yaraland\u0131. Dera Hastanesi Genel M\u00fcd\u00fcrl\u00fc\u011f\u00fc&#8217;nden bir kaynak SANA muhabirine, acil departman\u0131n\u0131n, arabalar\u0131nda bomba d\u00fczene\u011finin patlamas\u0131 sonucunda \u015farapnellerle yaralanan sivileri kabul etti\u011fini belirtirken, onlara gerekli t\u0131bbi yard\u0131m\u0131n sa\u011fland\u0131\u011f\u0131na i\u015faret etti. \u00c7eviri: M.Y<\/p>\n","protected":false},"author":36,"featured_media":229183,"comment_status":"closed","ping_status":"closed","sticky":false,"template":"","format":"standard","meta":{"footnotes":""},"categories":[479,575,17988,478],"tags":[],"class_list":["post-229182","post","type-post","status-publish","format-standard","has-post-thumbnail","","category-haberler-yerel","category-olaylar-ve-gercekler","category-son-haberler","category-yerel"],"_links":{"self":[{"href":"https:\/\/archive.sana.sy\/tr\/index.php?rest_route=\/wp\/v2\/posts\/229182","targetHints":{"allow":["GET"]}}],"collection":[{"href":"https:\/\/archive.sana.sy\/tr\/index.php?rest_route=\/wp\/v2\/posts"}],"about":[{"href":"https:\/\/archive.sana.sy\/tr\/index.php?rest_route=\/wp\/v2\/types\/post"}],"author":[{"embeddable":true,"href":"https:\/\/archive.sana.sy\/tr\/index.php?rest_route=\/wp\/v2\/users\/36"}],"replies":[{"embeddable":true,"href":"https:\/\/archive.sana.sy\/tr\/index.php?rest_route=%2Fwp%2Fv2%2Fcomments&post=229182"}],"version-history":[{"count":0,"href":"https:\/\/archive.sana.sy\/tr\/index.php?rest_route=\/wp\/v2\/posts\/229182\/revisions"}],"wp:featuredmedia":[{"embeddable":true,"href":"https:\/\/archive.sana.sy\/tr\/index.php?rest_route=\/wp\/v2\/media\/229183"}],"wp:attachment":[{"href":"https:\/\/archive.sana.sy\/tr\/index.php?rest_route=%2Fwp%2Fv2%2Fmedia&parent=229182"}],"wp:term":[{"taxonomy":"category","embeddable":true,"href":"https:\/\/archive.sana.sy\/tr\/index.php?rest_route=%2Fwp%2Fv2%2Fcategories&post=229182"},{"taxonomy":"post_tag","embeddable":true,"href":"https:\/\/archive.sana.sy\/tr\/index.php?rest_route=%2Fwp%2Fv2%2Ftags&post=229182"}],"curies":[{"name":"wp","href":"https:\/\/api.w.org\/{rel}","templated":true}]}}