{"id":229192,"date":"2021-02-23T13:13:20","date_gmt":"2021-02-23T11:13:20","guid":{"rendered":"http:\/\/107.6.182.27\/tr\/?p=229192"},"modified":"2021-02-24T08:15:25","modified_gmt":"2021-02-24T06:15:25","slug":"deyrezzor-kirsalinda-bir-mayin-patladi","status":"publish","type":"post","link":"https:\/\/archive.sana.sy\/tr\/?p=229192","title":{"rendered":"Deyrezzor K\u0131rsal\u0131nda Bir May\u0131n Patlad\u0131"},"content":{"rendered":"<p>DEYREZZOR \u2013 Deyrezzor k\u0131rsal\u0131n\u0131n do\u011fusunda yer alan el Rabiya beldesi yak\u0131nlar\u0131nda, \u201cI\u015e\u0130D\u201d ter\u00f6r gruplar\u0131ndan kalan bir may\u0131n\u0131n patlamas\u0131 sonucunda a\u011f\u0131r makine hasar\u0131 meydana geldi.<\/p>\n<p>Deyrezzor SANA muhabiri, Deyrezzor k\u0131rsal\u0131n\u0131n do\u011fusunda yer alan el Rabiya beldesi yak\u0131nlar\u0131nda &#8220;I\u015e\u0130D&#8221; ter\u00f6ristlerinden kalan bir may\u0131n\u0131n patlad\u0131\u011f\u0131n\u0131 belirtirken, hasar\u0131n malzemeylerle s\u0131n\u0131rl\u0131 oldu\u011funa i\u015faret etti.<\/p>\n<p>\u00c7eviri: M.Y<\/p>\n<p>&nbsp;<\/p>\n<div id='gallery-1' class='gallery galleryid-229192 gallery-columns-1 gallery-size-full'><figure class='gallery-item'>\n\t\t\t<div class='gallery-icon portrait'>\n\t\t\t\t<a href='https:\/\/archive.sana.sy\/tr\/wp-content\/uploads\/2021\/02\/2-4.jpg'><img loading=\"lazy\" decoding=\"async\" width=\"525\" height=\"700\" src=\"https:\/\/archive.sana.sy\/tr\/wp-content\/uploads\/2021\/02\/2-4.jpg\" class=\"attachment-full size-full\" alt=\"\" srcset=\"https:\/\/archive.sana.sy\/tr\/wp-content\/uploads\/2021\/02\/2-4.jpg 525w, https:\/\/archive.sana.sy\/tr\/wp-content\/uploads\/2021\/02\/2-4-225x300.jpg 225w, https:\/\/archive.sana.sy\/tr\/wp-content\/uploads\/2021\/02\/2-4-113x150.jpg 113w\" sizes=\"auto, (max-width: 525px) 100vw, 525px\" \/><\/a>\n\t\t\t<\/div><\/figure>\n\t\t<\/div>\n\n","protected":false},"excerpt":{"rendered":"<p>DEYREZZOR \u2013 Deyrezzor k\u0131rsal\u0131n\u0131n do\u011fusunda yer alan el Rabiya beldesi yak\u0131nlar\u0131nda, \u201cI\u015e\u0130D\u201d ter\u00f6r gruplar\u0131ndan kalan bir may\u0131n\u0131n patlamas\u0131 sonucunda a\u011f\u0131r makine hasar\u0131 meydana geldi. Deyrezzor SANA muhabiri, Deyrezzor k\u0131rsal\u0131n\u0131n do\u011fusunda yer alan el Rabiya beldesi yak\u0131nlar\u0131nda &#8220;I\u015e\u0130D&#8221; ter\u00f6ristlerinden kalan bir may\u0131n\u0131n patlad\u0131\u011f\u0131n\u0131 belirtirken, hasar\u0131n malzemeylerle s\u0131n\u0131rl\u0131 oldu\u011funa i\u015faret etti. \u00c7eviri: M.Y &nbsp;<\/p>\n","protected":false},"author":36,"featured_media":229193,"comment_status":"closed","ping_status":"closed","sticky":false,"template":"","format":"standard","meta":{"footnotes":""},"categories":[479,575,17988,478],"tags":[],"class_list":["post-229192","post","type-post","status-publish","format-standard","has-post-thumbnail","","category-haberler-yerel","category-olaylar-ve-gercekler","category-son-haberler","category-yerel"],"_links":{"self":[{"href":"https:\/\/archive.sana.sy\/tr\/index.php?rest_route=\/wp\/v2\/posts\/229192","targetHints":{"allow":["GET"]}}],"collection":[{"href":"https:\/\/archive.sana.sy\/tr\/index.php?rest_route=\/wp\/v2\/posts"}],"about":[{"href":"https:\/\/archive.sana.sy\/tr\/index.php?rest_route=\/wp\/v2\/types\/post"}],"author":[{"embeddable":true,"href":"https:\/\/archive.sana.sy\/tr\/index.php?rest_route=\/wp\/v2\/users\/36"}],"replies":[{"embeddable":true,"href":"https:\/\/archive.sana.sy\/tr\/index.php?rest_route=%2Fwp%2Fv2%2Fcomments&post=229192"}],"version-history":[{"count":0,"href":"https:\/\/archive.sana.sy\/tr\/index.php?rest_route=\/wp\/v2\/posts\/229192\/revisions"}],"wp:featuredmedia":[{"embeddable":true,"href":"https:\/\/archive.sana.sy\/tr\/index.php?rest_route=\/wp\/v2\/media\/229193"}],"wp:attachment":[{"href":"https:\/\/archive.sana.sy\/tr\/index.php?rest_route=%2Fwp%2Fv2%2Fmedia&parent=229192"}],"wp:term":[{"taxonomy":"category","embeddable":true,"href":"https:\/\/archive.sana.sy\/tr\/index.php?rest_route=%2Fwp%2Fv2%2Fcategories&post=229192"},{"taxonomy":"post_tag","embeddable":true,"href":"https:\/\/archive.sana.sy\/tr\/index.php?rest_route=%2Fwp%2Fv2%2Ftags&post=229192"}],"curies":[{"name":"wp","href":"https:\/\/api.w.org\/{rel}","templated":true}]}}