{"id":229322,"date":"2021-02-25T13:53:55","date_gmt":"2021-02-25T11:53:55","guid":{"rendered":"http:\/\/107.6.182.27\/tr\/?p=229322"},"modified":"2021-02-27T08:45:26","modified_gmt":"2021-02-27T06:45:26","slug":"rasul-ayn-kentinde-bomba-yuklu-bir-arac-patladi","status":"publish","type":"post","link":"https:\/\/archive.sana.sy\/tr\/?p=229322","title":{"rendered":"Rasul Ayn Kentinde Bir Ara\u00e7 Patlad\u0131, 3 Sivil \u015eehit d\u00fc\u015ft\u00fc"},"content":{"rendered":"<p>HASEKE \u2013 Haseke k\u0131rsal\u0131n\u0131n kuzeydo\u011fusunda yer alan ve i\u015fgalci T\u00fcrk g\u00fc\u00e7leri taraf\u0131ndan desteklenen ter\u00f6r gruplar\u0131n konu\u015fland\u0131\u011f\u0131 Rasul Ayn beldesinde, bir arac\u0131n patlamas\u0131 sonucunda 3 sivil \u015eehit d\u00fc\u015ft\u00fc, di\u011ferleri de yaraland\u0131.<\/p>\n<p>Yerel kaynaklar SANA muhabirine, Rasul Ayn kentinde bir arac\u0131n alt\u0131na yerle\u015ftirilen bomba d\u00fczene\u011finin patlamas\u0131 sonucunda 3 sivilin \u015fehit d\u00fc\u015ft\u00fc\u011f\u00fcn\u00fc, di\u011ferlerini de yaralad\u0131\u011f\u0131n\u0131 belirtti.<\/p>\n<p>\u00c7eviri: M.Y<\/p>\n","protected":false},"excerpt":{"rendered":"<p>HASEKE \u2013 Haseke k\u0131rsal\u0131n\u0131n kuzeydo\u011fusunda yer alan ve i\u015fgalci T\u00fcrk g\u00fc\u00e7leri taraf\u0131ndan desteklenen ter\u00f6r gruplar\u0131n konu\u015fland\u0131\u011f\u0131 Rasul Ayn beldesinde, bir arac\u0131n patlamas\u0131 sonucunda 3 sivil \u015eehit d\u00fc\u015ft\u00fc, di\u011ferleri de yaraland\u0131. Yerel kaynaklar SANA muhabirine, Rasul Ayn kentinde bir arac\u0131n alt\u0131na yerle\u015ftirilen bomba d\u00fczene\u011finin patlamas\u0131 sonucunda 3 sivilin \u015fehit d\u00fc\u015ft\u00fc\u011f\u00fcn\u00fc, di\u011ferlerini de yaralad\u0131\u011f\u0131n\u0131 belirtti. \u00c7eviri: M.Y<\/p>\n","protected":false},"author":36,"featured_media":229323,"comment_status":"closed","ping_status":"closed","sticky":false,"template":"","format":"standard","meta":{"footnotes":""},"categories":[479,575,17988,478],"tags":[],"class_list":["post-229322","post","type-post","status-publish","format-standard","has-post-thumbnail","","category-haberler-yerel","category-olaylar-ve-gercekler","category-son-haberler","category-yerel"],"_links":{"self":[{"href":"https:\/\/archive.sana.sy\/tr\/index.php?rest_route=\/wp\/v2\/posts\/229322","targetHints":{"allow":["GET"]}}],"collection":[{"href":"https:\/\/archive.sana.sy\/tr\/index.php?rest_route=\/wp\/v2\/posts"}],"about":[{"href":"https:\/\/archive.sana.sy\/tr\/index.php?rest_route=\/wp\/v2\/types\/post"}],"author":[{"embeddable":true,"href":"https:\/\/archive.sana.sy\/tr\/index.php?rest_route=\/wp\/v2\/users\/36"}],"replies":[{"embeddable":true,"href":"https:\/\/archive.sana.sy\/tr\/index.php?rest_route=%2Fwp%2Fv2%2Fcomments&post=229322"}],"version-history":[{"count":0,"href":"https:\/\/archive.sana.sy\/tr\/index.php?rest_route=\/wp\/v2\/posts\/229322\/revisions"}],"wp:featuredmedia":[{"embeddable":true,"href":"https:\/\/archive.sana.sy\/tr\/index.php?rest_route=\/wp\/v2\/media\/229323"}],"wp:attachment":[{"href":"https:\/\/archive.sana.sy\/tr\/index.php?rest_route=%2Fwp%2Fv2%2Fmedia&parent=229322"}],"wp:term":[{"taxonomy":"category","embeddable":true,"href":"https:\/\/archive.sana.sy\/tr\/index.php?rest_route=%2Fwp%2Fv2%2Fcategories&post=229322"},{"taxonomy":"post_tag","embeddable":true,"href":"https:\/\/archive.sana.sy\/tr\/index.php?rest_route=%2Fwp%2Fv2%2Ftags&post=229322"}],"curies":[{"name":"wp","href":"https:\/\/api.w.org\/{rel}","templated":true}]}}