{"id":229417,"date":"2021-02-27T09:15:17","date_gmt":"2021-02-27T07:15:17","guid":{"rendered":"http:\/\/107.6.182.27\/tr\/?p=229417"},"modified":"2021-02-28T08:28:43","modified_gmt":"2021-02-28T06:28:43","slug":"dsg-milisleri-rakka-kirsalindan-12-sivili-kacirdi","status":"publish","type":"post","link":"https:\/\/archive.sana.sy\/tr\/?p=229417","title":{"rendered":"DSG Milisleri Rakka K\u0131rsal\u0131ndan 12 Sivili Ka\u00e7\u0131rd\u0131"},"content":{"rendered":"<p>RAKKA \u2013 i\u015fgalci Amerikan g\u00e7leri taraf\u0131ndan desteklenen \u201cDSG\u201d milisleri, Suriye\u2019nin el Cezire b\u00f6lgesinde i\u015fgal etti\u011fi b\u00f6lgelerde bask\u0131n ve ka\u00e7\u0131rma eylemlerini s\u00fcrd\u00fcr\u00fcrken, Rakka k\u0131rsal\u0131n\u0131n bat\u0131s\u0131nda yer alan Ebu \u015eecera k\u00f6y\u00fcne bask\u0131n d\u00fczenleyip birka\u00e7 sakinlerini ka\u00e7\u0131rd\u0131.<\/p>\n<p>Yerel kaynaklar SANA muhabirine, \u201cDSG\u201d milislerinden silahl\u0131 bir grubun, Rakka\u2019n\u0131n bat\u0131s\u0131nda yer alan el Mansura beldesine tabi Ebu \u015eecera k\u00f6y\u00fcne bask\u0131n d\u00fczenledi\u011fini belirtirken, 12 sivili ka\u00e7\u0131r\u0131p bilinmeyen bir yere g\u00f6t\u00fcrd\u00fc\u011f\u00fcne i\u015faret etti.<\/p>\n<p>Kaynaklar, ABD i\u015fgal \u0130HA\u2019n\u0131n bilgi vererek ve &#8220;DSG&#8221; milislerini belirtilen yerlere y\u00f6nlendirerek bask\u0131nlara kat\u0131ld\u0131\u011f\u0131na dikkat \u00e7ekti.<\/p>\n<p>\u00c7eviri: M.Y<\/p>\n","protected":false},"excerpt":{"rendered":"<p>RAKKA \u2013 i\u015fgalci Amerikan g\u00e7leri taraf\u0131ndan desteklenen \u201cDSG\u201d milisleri, Suriye\u2019nin el Cezire b\u00f6lgesinde i\u015fgal etti\u011fi b\u00f6lgelerde bask\u0131n ve ka\u00e7\u0131rma eylemlerini s\u00fcrd\u00fcr\u00fcrken, Rakka k\u0131rsal\u0131n\u0131n bat\u0131s\u0131nda yer alan Ebu \u015eecera k\u00f6y\u00fcne bask\u0131n d\u00fczenleyip birka\u00e7 sakinlerini ka\u00e7\u0131rd\u0131. Yerel kaynaklar SANA muhabirine, \u201cDSG\u201d milislerinden silahl\u0131 bir grubun, Rakka\u2019n\u0131n bat\u0131s\u0131nda yer alan el Mansura beldesine tabi Ebu \u015eecera k\u00f6y\u00fcne bask\u0131n &hellip;<\/p>\n","protected":false},"author":36,"featured_media":229418,"comment_status":"closed","ping_status":"closed","sticky":false,"template":"","format":"standard","meta":{"footnotes":""},"categories":[479,575,17988,478],"tags":[],"class_list":["post-229417","post","type-post","status-publish","format-standard","has-post-thumbnail","","category-haberler-yerel","category-olaylar-ve-gercekler","category-son-haberler","category-yerel"],"_links":{"self":[{"href":"https:\/\/archive.sana.sy\/tr\/index.php?rest_route=\/wp\/v2\/posts\/229417","targetHints":{"allow":["GET"]}}],"collection":[{"href":"https:\/\/archive.sana.sy\/tr\/index.php?rest_route=\/wp\/v2\/posts"}],"about":[{"href":"https:\/\/archive.sana.sy\/tr\/index.php?rest_route=\/wp\/v2\/types\/post"}],"author":[{"embeddable":true,"href":"https:\/\/archive.sana.sy\/tr\/index.php?rest_route=\/wp\/v2\/users\/36"}],"replies":[{"embeddable":true,"href":"https:\/\/archive.sana.sy\/tr\/index.php?rest_route=%2Fwp%2Fv2%2Fcomments&post=229417"}],"version-history":[{"count":0,"href":"https:\/\/archive.sana.sy\/tr\/index.php?rest_route=\/wp\/v2\/posts\/229417\/revisions"}],"wp:featuredmedia":[{"embeddable":true,"href":"https:\/\/archive.sana.sy\/tr\/index.php?rest_route=\/wp\/v2\/media\/229418"}],"wp:attachment":[{"href":"https:\/\/archive.sana.sy\/tr\/index.php?rest_route=%2Fwp%2Fv2%2Fmedia&parent=229417"}],"wp:term":[{"taxonomy":"category","embeddable":true,"href":"https:\/\/archive.sana.sy\/tr\/index.php?rest_route=%2Fwp%2Fv2%2Fcategories&post=229417"},{"taxonomy":"post_tag","embeddable":true,"href":"https:\/\/archive.sana.sy\/tr\/index.php?rest_route=%2Fwp%2Fv2%2Ftags&post=229417"}],"curies":[{"name":"wp","href":"https:\/\/api.w.org\/{rel}","templated":true}]}}