{"id":229427,"date":"2021-02-27T11:09:13","date_gmt":"2021-02-27T09:09:13","guid":{"rendered":"http:\/\/107.6.182.27\/tr\/?p=229427"},"modified":"2021-02-28T08:28:54","modified_gmt":"2021-02-28T06:28:54","slug":"hama-kirsalinda-bir-mayin-patladi-5-sivil-sehit-dustu-13-sivil-de-yaralandi","status":"publish","type":"post","link":"https:\/\/archive.sana.sy\/tr\/?p=229427","title":{"rendered":"Hama K\u0131rsal\u0131nda Bir May\u0131n Patlad\u0131, 5 Sivil \u015eehit D\u00fc\u015ft\u00fc, 13 Sivil De Yaraland\u0131"},"content":{"rendered":"<p>Hama Emniyet M\u00fcd\u00fcrl\u00fc\u011f\u00fcnden bir kaynak SANA muhabirine, Hama k\u0131rsal\u0131n\u0131n do\u011fusunda yer alan selemiye beldesinin do\u011fusunda birka\u00e7 ki\u015fiyi ta\u015f\u0131yan bir ara\u00e7ta, ter\u00f6r gruplar\u0131ndan kalan bir may\u0131n\u0131n patlamas\u0131 sonucunda 5 sivilin \u015fehit d\u00fc\u015ft\u00fc\u011f\u00fcn\u00fc, 13 ki\u015finin de yaraland\u0131\u011f\u0131n\u0131 belirtti.<\/p>\n<p>\u00c7eviri: M.Y<\/p>\n","protected":false},"excerpt":{"rendered":"<p>Hama Emniyet M\u00fcd\u00fcrl\u00fc\u011f\u00fcnden bir kaynak SANA muhabirine, Hama k\u0131rsal\u0131n\u0131n do\u011fusunda yer alan selemiye beldesinin do\u011fusunda birka\u00e7 ki\u015fiyi ta\u015f\u0131yan bir ara\u00e7ta, ter\u00f6r gruplar\u0131ndan kalan bir may\u0131n\u0131n patlamas\u0131 sonucunda 5 sivilin \u015fehit d\u00fc\u015ft\u00fc\u011f\u00fcn\u00fc, 13 ki\u015finin de yaraland\u0131\u011f\u0131n\u0131 belirtti. \u00c7eviri: M.Y<\/p>\n","protected":false},"author":36,"featured_media":229428,"comment_status":"closed","ping_status":"closed","sticky":false,"template":"","format":"standard","meta":{"footnotes":""},"categories":[479,575,17988,478],"tags":[],"class_list":["post-229427","post","type-post","status-publish","format-standard","has-post-thumbnail","","category-haberler-yerel","category-olaylar-ve-gercekler","category-son-haberler","category-yerel"],"_links":{"self":[{"href":"https:\/\/archive.sana.sy\/tr\/index.php?rest_route=\/wp\/v2\/posts\/229427","targetHints":{"allow":["GET"]}}],"collection":[{"href":"https:\/\/archive.sana.sy\/tr\/index.php?rest_route=\/wp\/v2\/posts"}],"about":[{"href":"https:\/\/archive.sana.sy\/tr\/index.php?rest_route=\/wp\/v2\/types\/post"}],"author":[{"embeddable":true,"href":"https:\/\/archive.sana.sy\/tr\/index.php?rest_route=\/wp\/v2\/users\/36"}],"replies":[{"embeddable":true,"href":"https:\/\/archive.sana.sy\/tr\/index.php?rest_route=%2Fwp%2Fv2%2Fcomments&post=229427"}],"version-history":[{"count":0,"href":"https:\/\/archive.sana.sy\/tr\/index.php?rest_route=\/wp\/v2\/posts\/229427\/revisions"}],"wp:featuredmedia":[{"embeddable":true,"href":"https:\/\/archive.sana.sy\/tr\/index.php?rest_route=\/wp\/v2\/media\/229428"}],"wp:attachment":[{"href":"https:\/\/archive.sana.sy\/tr\/index.php?rest_route=%2Fwp%2Fv2%2Fmedia&parent=229427"}],"wp:term":[{"taxonomy":"category","embeddable":true,"href":"https:\/\/archive.sana.sy\/tr\/index.php?rest_route=%2Fwp%2Fv2%2Fcategories&post=229427"},{"taxonomy":"post_tag","embeddable":true,"href":"https:\/\/archive.sana.sy\/tr\/index.php?rest_route=%2Fwp%2Fv2%2Ftags&post=229427"}],"curies":[{"name":"wp","href":"https:\/\/api.w.org\/{rel}","templated":true}]}}