{"id":229433,"date":"2021-02-27T22:45:55","date_gmt":"2021-02-27T20:45:55","guid":{"rendered":"http:\/\/107.6.182.27\/tr\/?p=229433"},"modified":"2021-03-02T08:14:09","modified_gmt":"2021-03-02T06:14:09","slug":"deyrezzor-kirsalinda-el-cebse-el-reyyan-dogalgaz-boru-hatti-saldiriya-ugrayip-alev-aldi","status":"publish","type":"post","link":"https:\/\/archive.sana.sy\/tr\/?p=229433","title":{"rendered":"Deyrezzor k\u0131rsal\u0131nda El-Cebse-El-Reyyan do\u011falgaz boru hatt\u0131, sald\u0131r\u0131ya u\u011fray\u0131p alev ald\u0131"},"content":{"rendered":"<p style=\"text-align: justify;\">\u015eAM &#8211; Bug\u00fcn Deyrezzor k\u0131rsal\u0131nda Ebu Ha\u015fab b\u00f6lgesinde El-Cebse-El-Reyyan gaz boru hatt\u0131na sald\u0131r\u0131 d\u00fczenlendi. Sald\u0131r\u0131, yang\u0131n \u00e7\u0131kmas\u0131 ve \u00e7al\u0131\u015fmas\u0131n\u0131 durdurmas\u0131na neden oldu.<\/p>\n<p style=\"text-align: justify;\">Petrol ve Maden Kaynaklar\u0131 Bakanl\u0131\u011f\u0131 yapt\u0131\u011f\u0131 a\u00e7\u0131klamada, yang\u0131n s\u00f6nd\u00fcrme personeli ve bak\u0131m at\u00f6lyelerinin, gaz pompalamaya devam etmek i\u00e7in yang\u0131n\u0131 s\u00f6nd\u00fcrmek ve hatt\u0131 onarmak i\u00e7in derhal \u00e7al\u0131\u015fmalara ba\u015flad\u0131\u011f\u0131n\u0131 bildirdi.<\/p>\n","protected":false},"excerpt":{"rendered":"<p>\u015eAM &#8211; Bug\u00fcn Deyrezzor k\u0131rsal\u0131nda Ebu Ha\u015fab b\u00f6lgesinde El-Cebse-El-Reyyan gaz boru hatt\u0131na sald\u0131r\u0131 d\u00fczenlendi. Sald\u0131r\u0131, yang\u0131n \u00e7\u0131kmas\u0131 ve \u00e7al\u0131\u015fmas\u0131n\u0131 durdurmas\u0131na neden oldu. Petrol ve Maden Kaynaklar\u0131 Bakanl\u0131\u011f\u0131 yapt\u0131\u011f\u0131 a\u00e7\u0131klamada, yang\u0131n s\u00f6nd\u00fcrme personeli ve bak\u0131m at\u00f6lyelerinin, gaz pompalamaya devam etmek i\u00e7in yang\u0131n\u0131 s\u00f6nd\u00fcrmek ve hatt\u0131 onarmak i\u00e7in derhal \u00e7al\u0131\u015fmalara ba\u015flad\u0131\u011f\u0131n\u0131 bildirdi.<\/p>\n","protected":false},"author":1,"featured_media":229434,"comment_status":"closed","ping_status":"closed","sticky":false,"template":"","format":"standard","meta":{"footnotes":""},"categories":[479,575,17988,478],"tags":[],"class_list":["post-229433","post","type-post","status-publish","format-standard","has-post-thumbnail","","category-haberler-yerel","category-olaylar-ve-gercekler","category-son-haberler","category-yerel"],"_links":{"self":[{"href":"https:\/\/archive.sana.sy\/tr\/index.php?rest_route=\/wp\/v2\/posts\/229433","targetHints":{"allow":["GET"]}}],"collection":[{"href":"https:\/\/archive.sana.sy\/tr\/index.php?rest_route=\/wp\/v2\/posts"}],"about":[{"href":"https:\/\/archive.sana.sy\/tr\/index.php?rest_route=\/wp\/v2\/types\/post"}],"author":[{"embeddable":true,"href":"https:\/\/archive.sana.sy\/tr\/index.php?rest_route=\/wp\/v2\/users\/1"}],"replies":[{"embeddable":true,"href":"https:\/\/archive.sana.sy\/tr\/index.php?rest_route=%2Fwp%2Fv2%2Fcomments&post=229433"}],"version-history":[{"count":0,"href":"https:\/\/archive.sana.sy\/tr\/index.php?rest_route=\/wp\/v2\/posts\/229433\/revisions"}],"wp:featuredmedia":[{"embeddable":true,"href":"https:\/\/archive.sana.sy\/tr\/index.php?rest_route=\/wp\/v2\/media\/229434"}],"wp:attachment":[{"href":"https:\/\/archive.sana.sy\/tr\/index.php?rest_route=%2Fwp%2Fv2%2Fmedia&parent=229433"}],"wp:term":[{"taxonomy":"category","embeddable":true,"href":"https:\/\/archive.sana.sy\/tr\/index.php?rest_route=%2Fwp%2Fv2%2Fcategories&post=229433"},{"taxonomy":"post_tag","embeddable":true,"href":"https:\/\/archive.sana.sy\/tr\/index.php?rest_route=%2Fwp%2Fv2%2Ftags&post=229433"}],"curies":[{"name":"wp","href":"https:\/\/api.w.org\/{rel}","templated":true}]}}