{"id":229452,"date":"2021-02-28T11:58:17","date_gmt":"2021-02-28T09:58:17","guid":{"rendered":"http:\/\/107.6.182.27\/tr\/?p=229452"},"modified":"2021-03-02T08:14:19","modified_gmt":"2021-03-02T06:14:19","slug":"isgalci-amerikan-gucleri-isid-teroristleri-baska-bolgelere-aktariyor","status":"publish","type":"post","link":"https:\/\/archive.sana.sy\/tr\/?p=229452","title":{"rendered":"\u0130\u015fgalci Amerikan G\u00fc\u00e7leri &#8220;I\u015e\u0130D&#8221; Ter\u00f6ristleri Ba\u015fka B\u00f6lgelere Aktar\u0131yor"},"content":{"rendered":"<p>HASEKE \u2013 \u0130\u015fgalci Amerikan g\u00fc\u00e7leri, Haseke k\u0131rsal\u0131nda yer alan el \u015eeddadi\u2019deki \u00fcslerinden Deyrezzor \u00e7\u00f6l\u00fcne do\u011fru, \u201cI\u015e\u0130D\u201dli 10 ter\u00f6risti helikopterlerle aktard\u0131.<\/p>\n<p>Yerel kaynaklar SANA muhabirine, &#8220;I\u015e\u0130D&#8221;li 10 ter\u00f6ristinin Haseke k\u0131rsal\u0131n\u0131n g\u00fcneyindeki yasad\u0131\u015f\u0131 el \u015eedaddi \u00fcss\u00fcnden Amerikan i\u015fgal g\u00fc\u00e7lerine ait iki helikopterle nakledildi\u011fini ve deyrezzor \u00e7\u00f6l\u00fcne do\u011fru gitti\u011fini belirtti.<\/p>\n","protected":false},"excerpt":{"rendered":"<p>HASEKE \u2013 \u0130\u015fgalci Amerikan g\u00fc\u00e7leri, Haseke k\u0131rsal\u0131nda yer alan el \u015eeddadi\u2019deki \u00fcslerinden Deyrezzor \u00e7\u00f6l\u00fcne do\u011fru, \u201cI\u015e\u0130D\u201dli 10 ter\u00f6risti helikopterlerle aktard\u0131. Yerel kaynaklar SANA muhabirine, &#8220;I\u015e\u0130D&#8221;li 10 ter\u00f6ristinin Haseke k\u0131rsal\u0131n\u0131n g\u00fcneyindeki yasad\u0131\u015f\u0131 el \u015eedaddi \u00fcss\u00fcnden Amerikan i\u015fgal g\u00fc\u00e7lerine ait iki helikopterle nakledildi\u011fini ve deyrezzor \u00e7\u00f6l\u00fcne do\u011fru gitti\u011fini belirtti.<\/p>\n","protected":false},"author":36,"featured_media":229453,"comment_status":"closed","ping_status":"closed","sticky":false,"template":"","format":"standard","meta":{"footnotes":""},"categories":[479,575,17988,478],"tags":[],"class_list":["post-229452","post","type-post","status-publish","format-standard","has-post-thumbnail","","category-haberler-yerel","category-olaylar-ve-gercekler","category-son-haberler","category-yerel"],"_links":{"self":[{"href":"https:\/\/archive.sana.sy\/tr\/index.php?rest_route=\/wp\/v2\/posts\/229452","targetHints":{"allow":["GET"]}}],"collection":[{"href":"https:\/\/archive.sana.sy\/tr\/index.php?rest_route=\/wp\/v2\/posts"}],"about":[{"href":"https:\/\/archive.sana.sy\/tr\/index.php?rest_route=\/wp\/v2\/types\/post"}],"author":[{"embeddable":true,"href":"https:\/\/archive.sana.sy\/tr\/index.php?rest_route=\/wp\/v2\/users\/36"}],"replies":[{"embeddable":true,"href":"https:\/\/archive.sana.sy\/tr\/index.php?rest_route=%2Fwp%2Fv2%2Fcomments&post=229452"}],"version-history":[{"count":0,"href":"https:\/\/archive.sana.sy\/tr\/index.php?rest_route=\/wp\/v2\/posts\/229452\/revisions"}],"wp:featuredmedia":[{"embeddable":true,"href":"https:\/\/archive.sana.sy\/tr\/index.php?rest_route=\/wp\/v2\/media\/229453"}],"wp:attachment":[{"href":"https:\/\/archive.sana.sy\/tr\/index.php?rest_route=%2Fwp%2Fv2%2Fmedia&parent=229452"}],"wp:term":[{"taxonomy":"category","embeddable":true,"href":"https:\/\/archive.sana.sy\/tr\/index.php?rest_route=%2Fwp%2Fv2%2Fcategories&post=229452"},{"taxonomy":"post_tag","embeddable":true,"href":"https:\/\/archive.sana.sy\/tr\/index.php?rest_route=%2Fwp%2Fv2%2Ftags&post=229452"}],"curies":[{"name":"wp","href":"https:\/\/api.w.org\/{rel}","templated":true}]}}