{"id":229465,"date":"2021-03-01T14:37:56","date_gmt":"2021-03-01T12:37:56","guid":{"rendered":"http:\/\/107.6.182.27\/tr\/?p=229465"},"modified":"2021-03-03T08:14:09","modified_gmt":"2021-03-03T06:14:09","slug":"turk-isgalinden-destekli-teror-gruplari-rasul-ayn-bolgesindeki-sabit-hat-kablolarini-caldi","status":"publish","type":"post","link":"https:\/\/archive.sana.sy\/tr\/?p=229465","title":{"rendered":"T\u00fcrk \u0130\u015fgalinden Destekli Ter\u00f6r Gruplar\u0131 Rasul Ayn B\u00f6lgesindeki Sabit Hat Kablolar\u0131n\u0131 \u00c7ald\u0131"},"content":{"rendered":"<p style=\"text-align: justify;\">HASEKE \u2013 T\u00fcrk i\u015fgal g\u00fc\u00e7lerinin destekledi\u011fi ter\u00f6ristler, Rasul Ayn \u015fehrini g\u00fcney k\u0131rsal\u0131yla Haseke&#8217;nin kuzeybat\u0131 k\u0131rsal\u0131na ba\u011flayan sabit hat kablolar\u0131n\u0131 \u00e7ald\u0131.<\/p>\n<p style=\"text-align: justify;\">Rasul Ayn\u2019dan yerel kaynaklar SANA muhabirine, T\u00fcrk i\u015fgalinden destekli kiral\u0131k ter\u00f6ristlerin Rasul Ayn \u015fehrini ve Haseke&#8217;nin kuzeybat\u0131 k\u0131rsal\u0131ndaki g\u00fcney k\u00f6ylerini birbirine ba\u011flayan ana sabit hatt\u0131 i\u00e7in y\u00fczlerce metre kablo \u00e7ald\u0131\u011f\u0131n\u0131 s\u00f6yledi. Kaynaklar, ter\u00f6r gruplar\u0131n\u0131n \u00e7al\u0131nt\u0131lar\u0131n satmak \u00fczere \u00e7al\u0131nt\u0131lar\u0131 T\u00fcrkiye\u2019ye aktarmaya \u00e7al\u0131\u015ft\u0131klar\u0131n\u0131 s\u00f6zlerine ekledi.<\/p>\n<p style=\"text-align: justify;\">P.M.<\/p>\n","protected":false},"excerpt":{"rendered":"<p>HASEKE \u2013 T\u00fcrk i\u015fgal g\u00fc\u00e7lerinin destekledi\u011fi ter\u00f6ristler, Rasul Ayn \u015fehrini g\u00fcney k\u0131rsal\u0131yla Haseke&#8217;nin kuzeybat\u0131 k\u0131rsal\u0131na ba\u011flayan sabit hat kablolar\u0131n\u0131 \u00e7ald\u0131. Rasul Ayn\u2019dan yerel kaynaklar SANA muhabirine, T\u00fcrk i\u015fgalinden destekli kiral\u0131k ter\u00f6ristlerin Rasul Ayn \u015fehrini ve Haseke&#8217;nin kuzeybat\u0131 k\u0131rsal\u0131ndaki g\u00fcney k\u00f6ylerini birbirine ba\u011flayan ana sabit hatt\u0131 i\u00e7in y\u00fczlerce metre kablo \u00e7ald\u0131\u011f\u0131n\u0131 s\u00f6yledi. Kaynaklar, ter\u00f6r gruplar\u0131n\u0131n \u00e7al\u0131nt\u0131lar\u0131n &hellip;<\/p>\n","protected":false},"author":1,"featured_media":229466,"comment_status":"closed","ping_status":"closed","sticky":false,"template":"","format":"standard","meta":{"footnotes":""},"categories":[479,575,17988,478],"tags":[],"class_list":["post-229465","post","type-post","status-publish","format-standard","has-post-thumbnail","","category-haberler-yerel","category-olaylar-ve-gercekler","category-son-haberler","category-yerel"],"_links":{"self":[{"href":"https:\/\/archive.sana.sy\/tr\/index.php?rest_route=\/wp\/v2\/posts\/229465","targetHints":{"allow":["GET"]}}],"collection":[{"href":"https:\/\/archive.sana.sy\/tr\/index.php?rest_route=\/wp\/v2\/posts"}],"about":[{"href":"https:\/\/archive.sana.sy\/tr\/index.php?rest_route=\/wp\/v2\/types\/post"}],"author":[{"embeddable":true,"href":"https:\/\/archive.sana.sy\/tr\/index.php?rest_route=\/wp\/v2\/users\/1"}],"replies":[{"embeddable":true,"href":"https:\/\/archive.sana.sy\/tr\/index.php?rest_route=%2Fwp%2Fv2%2Fcomments&post=229465"}],"version-history":[{"count":0,"href":"https:\/\/archive.sana.sy\/tr\/index.php?rest_route=\/wp\/v2\/posts\/229465\/revisions"}],"wp:featuredmedia":[{"embeddable":true,"href":"https:\/\/archive.sana.sy\/tr\/index.php?rest_route=\/wp\/v2\/media\/229466"}],"wp:attachment":[{"href":"https:\/\/archive.sana.sy\/tr\/index.php?rest_route=%2Fwp%2Fv2%2Fmedia&parent=229465"}],"wp:term":[{"taxonomy":"category","embeddable":true,"href":"https:\/\/archive.sana.sy\/tr\/index.php?rest_route=%2Fwp%2Fv2%2Fcategories&post=229465"},{"taxonomy":"post_tag","embeddable":true,"href":"https:\/\/archive.sana.sy\/tr\/index.php?rest_route=%2Fwp%2Fv2%2Ftags&post=229465"}],"curies":[{"name":"wp","href":"https:\/\/api.w.org\/{rel}","templated":true}]}}