{"id":229755,"date":"2021-03-06T10:29:24","date_gmt":"2021-03-06T08:29:24","guid":{"rendered":"http:\/\/107.6.182.27\/tr\/?p=229755"},"modified":"2021-03-07T09:14:27","modified_gmt":"2021-03-07T07:14:27","slug":"deyrezzor-kirsalinda-dsg-milislerinden-birkac-silahli-olu-ve-yarali-dusuruldu","status":"publish","type":"post","link":"https:\/\/archive.sana.sy\/tr\/?p=229755","title":{"rendered":"Deyrezzor K\u0131rsal\u0131nda DSG Milislerinden Birka\u00e7 Silahl\u0131 \u00d6l\u00fc ve Yaral\u0131 D\u00fc\u015f\u00fcr\u00fcld\u00fc"},"content":{"rendered":"<p>DEYREZZOR \u2013 Deyrezzor k\u0131rsal\u0131nda yer alan el \u015eahil beldesi yak\u0131nlar\u0131ndaki, i\u015fgalci Amerikan g\u00fc\u00e7leri taraf\u0131ndan destklenen \u201cDSG\u201d milislerinin toplanma yerlerine d\u00fczenlenen sald\u0131r\u0131 sonucunda birka\u00e7 silahl\u0131 \u00f6ld\u00fcr\u00fcld\u00fc, di\u011ferleri de yaraland\u0131.<\/p>\n<p>Yerel kaynaklar SANA muhabirine, \u201cDSG\u201d milislerinin toplanma yerlerinden birinde meydana gelen patlamalar\u0131n ard\u0131ndan, Deyrezzor \u015fehirinin do\u011fusundaki el \u015eahil beldesinin yak\u0131nlar\u0131nda a\u00e7\u0131lan ate\u015f sonucunda, birka\u00e7 silahl\u0131n\u0131n \u00f6ld\u00fcr\u00fcld\u00fc\u011f\u00fcn\u00fc ve yaraland\u0131\u011f\u0131n\u0131 belirtti.<\/p>\n<p>Kaynaklar, DSG milislerinin kendi unsurlar\u0131ndan takviye getirdi\u011fini ve beldeye bir g\u00fcvenlik kordonu koydu\u011funa ia\u015fret etti.<\/p>\n<p>\u00c7eviri: M.Y<\/p>\n","protected":false},"excerpt":{"rendered":"<p>DEYREZZOR \u2013 Deyrezzor k\u0131rsal\u0131nda yer alan el \u015eahil beldesi yak\u0131nlar\u0131ndaki, i\u015fgalci Amerikan g\u00fc\u00e7leri taraf\u0131ndan destklenen \u201cDSG\u201d milislerinin toplanma yerlerine d\u00fczenlenen sald\u0131r\u0131 sonucunda birka\u00e7 silahl\u0131 \u00f6ld\u00fcr\u00fcld\u00fc, di\u011ferleri de yaraland\u0131. Yerel kaynaklar SANA muhabirine, \u201cDSG\u201d milislerinin toplanma yerlerinden birinde meydana gelen patlamalar\u0131n ard\u0131ndan, Deyrezzor \u015fehirinin do\u011fusundaki el \u015eahil beldesinin yak\u0131nlar\u0131nda a\u00e7\u0131lan ate\u015f sonucunda, birka\u00e7 silahl\u0131n\u0131n \u00f6ld\u00fcr\u00fcld\u00fc\u011f\u00fcn\u00fc ve &hellip;<\/p>\n","protected":false},"author":36,"featured_media":229756,"comment_status":"closed","ping_status":"closed","sticky":false,"template":"","format":"standard","meta":{"footnotes":""},"categories":[479,575,17988,478],"tags":[],"class_list":["post-229755","post","type-post","status-publish","format-standard","has-post-thumbnail","","category-haberler-yerel","category-olaylar-ve-gercekler","category-son-haberler","category-yerel"],"_links":{"self":[{"href":"https:\/\/archive.sana.sy\/tr\/index.php?rest_route=\/wp\/v2\/posts\/229755","targetHints":{"allow":["GET"]}}],"collection":[{"href":"https:\/\/archive.sana.sy\/tr\/index.php?rest_route=\/wp\/v2\/posts"}],"about":[{"href":"https:\/\/archive.sana.sy\/tr\/index.php?rest_route=\/wp\/v2\/types\/post"}],"author":[{"embeddable":true,"href":"https:\/\/archive.sana.sy\/tr\/index.php?rest_route=\/wp\/v2\/users\/36"}],"replies":[{"embeddable":true,"href":"https:\/\/archive.sana.sy\/tr\/index.php?rest_route=%2Fwp%2Fv2%2Fcomments&post=229755"}],"version-history":[{"count":0,"href":"https:\/\/archive.sana.sy\/tr\/index.php?rest_route=\/wp\/v2\/posts\/229755\/revisions"}],"wp:featuredmedia":[{"embeddable":true,"href":"https:\/\/archive.sana.sy\/tr\/index.php?rest_route=\/wp\/v2\/media\/229756"}],"wp:attachment":[{"href":"https:\/\/archive.sana.sy\/tr\/index.php?rest_route=%2Fwp%2Fv2%2Fmedia&parent=229755"}],"wp:term":[{"taxonomy":"category","embeddable":true,"href":"https:\/\/archive.sana.sy\/tr\/index.php?rest_route=%2Fwp%2Fv2%2Fcategories&post=229755"},{"taxonomy":"post_tag","embeddable":true,"href":"https:\/\/archive.sana.sy\/tr\/index.php?rest_route=%2Fwp%2Fv2%2Ftags&post=229755"}],"curies":[{"name":"wp","href":"https:\/\/api.w.org\/{rel}","templated":true}]}}