{"id":229872,"date":"2021-03-09T08:00:29","date_gmt":"2021-03-09T06:00:29","guid":{"rendered":"http:\/\/107.6.182.27\/tr\/?p=229872"},"modified":"2021-03-10T08:15:31","modified_gmt":"2021-03-10T06:15:31","slug":"rakka-kirsalinda-dsg-milislerinin-kursunlariyla-bir-sivil-yaralandi","status":"publish","type":"post","link":"https:\/\/archive.sana.sy\/tr\/?p=229872","title":{"rendered":"Rakka K\u0131rsal\u0131nda DSG Milislerinin Kur\u015funlar\u0131yla Bir Sivil Yaraland\u0131"},"content":{"rendered":"<p>RAKKA \u2013 Rakka k\u0131rsal\u0131n\u0131n bat\u0131s\u0131nda yer alan el Tuvehine k\u00f6y\u00fcnde i\u015fgalci Amerikan g\u00fc\u00e7leri taraf\u0131ndan desteklenen &#8220;DSG\u201d milislerinin kur\u015funlar\u0131yla bir sivil yaraland\u0131.<\/p>\n<p>Yerel kaynaklar, Rakka k\u0131rsal\u0131n\u0131n bat\u0131s\u0131nda yer alan el Tuvehine k\u00f6y\u00fcnde bir sakini, &#8220;DSG\u201d milislerinin kur\u015funlar\u0131yla yaralad\u0131\u011f\u0131n\u0131 belirtti.<\/p>\n<p>\u00c7eviri: M.Y<\/p>\n","protected":false},"excerpt":{"rendered":"<p>RAKKA \u2013 Rakka k\u0131rsal\u0131n\u0131n bat\u0131s\u0131nda yer alan el Tuvehine k\u00f6y\u00fcnde i\u015fgalci Amerikan g\u00fc\u00e7leri taraf\u0131ndan desteklenen &#8220;DSG\u201d milislerinin kur\u015funlar\u0131yla bir sivil yaraland\u0131. Yerel kaynaklar, Rakka k\u0131rsal\u0131n\u0131n bat\u0131s\u0131nda yer alan el Tuvehine k\u00f6y\u00fcnde bir sakini, &#8220;DSG\u201d milislerinin kur\u015funlar\u0131yla yaralad\u0131\u011f\u0131n\u0131 belirtti. \u00c7eviri: M.Y<\/p>\n","protected":false},"author":36,"featured_media":229873,"comment_status":"closed","ping_status":"closed","sticky":false,"template":"","format":"standard","meta":{"footnotes":""},"categories":[479,575,17988,478],"tags":[],"class_list":["post-229872","post","type-post","status-publish","format-standard","has-post-thumbnail","","category-haberler-yerel","category-olaylar-ve-gercekler","category-son-haberler","category-yerel"],"_links":{"self":[{"href":"https:\/\/archive.sana.sy\/tr\/index.php?rest_route=\/wp\/v2\/posts\/229872","targetHints":{"allow":["GET"]}}],"collection":[{"href":"https:\/\/archive.sana.sy\/tr\/index.php?rest_route=\/wp\/v2\/posts"}],"about":[{"href":"https:\/\/archive.sana.sy\/tr\/index.php?rest_route=\/wp\/v2\/types\/post"}],"author":[{"embeddable":true,"href":"https:\/\/archive.sana.sy\/tr\/index.php?rest_route=\/wp\/v2\/users\/36"}],"replies":[{"embeddable":true,"href":"https:\/\/archive.sana.sy\/tr\/index.php?rest_route=%2Fwp%2Fv2%2Fcomments&post=229872"}],"version-history":[{"count":0,"href":"https:\/\/archive.sana.sy\/tr\/index.php?rest_route=\/wp\/v2\/posts\/229872\/revisions"}],"wp:featuredmedia":[{"embeddable":true,"href":"https:\/\/archive.sana.sy\/tr\/index.php?rest_route=\/wp\/v2\/media\/229873"}],"wp:attachment":[{"href":"https:\/\/archive.sana.sy\/tr\/index.php?rest_route=%2Fwp%2Fv2%2Fmedia&parent=229872"}],"wp:term":[{"taxonomy":"category","embeddable":true,"href":"https:\/\/archive.sana.sy\/tr\/index.php?rest_route=%2Fwp%2Fv2%2Fcategories&post=229872"},{"taxonomy":"post_tag","embeddable":true,"href":"https:\/\/archive.sana.sy\/tr\/index.php?rest_route=%2Fwp%2Fv2%2Ftags&post=229872"}],"curies":[{"name":"wp","href":"https:\/\/api.w.org\/{rel}","templated":true}]}}