{"id":229882,"date":"2021-03-09T13:36:43","date_gmt":"2021-03-09T11:36:43","guid":{"rendered":"http:\/\/107.6.182.27\/tr\/?p=229882"},"modified":"2021-03-11T08:14:07","modified_gmt":"2021-03-11T06:14:07","slug":"yerlerinden-edilmis-ailerler-lazkiye-kirsalindaki-terorden-kurtarilan-bolgelerine-dondu","status":"publish","type":"post","link":"https:\/\/archive.sana.sy\/tr\/?p=229882","title":{"rendered":"Yerlerinden Edilmi\u015f Ailerler Lazkiye K\u0131rsal\u0131ndaki Ter\u00f6rden Kurtar\u0131lan B\u00f6lgelerine D\u00f6nd\u00fc"},"content":{"rendered":"<p>LAZK\u0130YE \u2013 SANA muhabiri, Zynzaf, Beyt Ayu\u015f, Rayane ve el Saraya k\u00f6ylerinin ahalisi bug\u00fcn, Lazkiye k\u0131rsal\u0131n\u0131n kuzeyinde ter\u00f6r kal\u0131nt\u0131lar\u0131ndan kurtar\u0131ld\u0131ktan ve temel hizmetler verdikten sonra ter\u00f6rden kurtulan b\u00f6lgelerine d\u00f6nd\u00fcklerini belirtti.<\/p>\n<div id='gallery-1' class='gallery galleryid-229882 gallery-columns-1 gallery-size-full'><figure class='gallery-item'>\n\t\t\t<div class='gallery-icon landscape'>\n\t\t\t\t<a href='https:\/\/archive.sana.sy\/tr\/wp-content\/uploads\/2021\/03\/lattakia2.jpg'><img loading=\"lazy\" decoding=\"async\" width=\"660\" height=\"457\" src=\"https:\/\/archive.sana.sy\/tr\/wp-content\/uploads\/2021\/03\/lattakia2.jpg\" class=\"attachment-full size-full\" alt=\"\" srcset=\"https:\/\/archive.sana.sy\/tr\/wp-content\/uploads\/2021\/03\/lattakia2.jpg 660w, https:\/\/archive.sana.sy\/tr\/wp-content\/uploads\/2021\/03\/lattakia2-300x208.jpg 300w, https:\/\/archive.sana.sy\/tr\/wp-content\/uploads\/2021\/03\/lattakia2-150x104.jpg 150w, https:\/\/archive.sana.sy\/tr\/wp-content\/uploads\/2021\/03\/lattakia2-110x75.jpg 110w\" sizes=\"auto, (max-width: 660px) 100vw, 660px\" \/><\/a>\n\t\t\t<\/div><\/figure><figure class='gallery-item'>\n\t\t\t<div class='gallery-icon landscape'>\n\t\t\t\t<a href='https:\/\/archive.sana.sy\/tr\/wp-content\/uploads\/2021\/03\/lattakia3.jpg'><img loading=\"lazy\" decoding=\"async\" width=\"660\" height=\"447\" src=\"https:\/\/archive.sana.sy\/tr\/wp-content\/uploads\/2021\/03\/lattakia3.jpg\" class=\"attachment-full size-full\" alt=\"\" srcset=\"https:\/\/archive.sana.sy\/tr\/wp-content\/uploads\/2021\/03\/lattakia3.jpg 660w, https:\/\/archive.sana.sy\/tr\/wp-content\/uploads\/2021\/03\/lattakia3-300x203.jpg 300w, https:\/\/archive.sana.sy\/tr\/wp-content\/uploads\/2021\/03\/lattakia3-150x102.jpg 150w, https:\/\/archive.sana.sy\/tr\/wp-content\/uploads\/2021\/03\/lattakia3-110x75.jpg 110w\" sizes=\"auto, (max-width: 660px) 100vw, 660px\" \/><\/a>\n\t\t\t<\/div><\/figure><figure class='gallery-item'>\n\t\t\t<div class='gallery-icon landscape'>\n\t\t\t\t<a href='https:\/\/archive.sana.sy\/tr\/wp-content\/uploads\/2021\/03\/lattakia4.jpg'><img loading=\"lazy\" decoding=\"async\" width=\"660\" height=\"454\" src=\"https:\/\/archive.sana.sy\/tr\/wp-content\/uploads\/2021\/03\/lattakia4.jpg\" class=\"attachment-full size-full\" alt=\"\" srcset=\"https:\/\/archive.sana.sy\/tr\/wp-content\/uploads\/2021\/03\/lattakia4.jpg 660w, https:\/\/archive.sana.sy\/tr\/wp-content\/uploads\/2021\/03\/lattakia4-300x206.jpg 300w, https:\/\/archive.sana.sy\/tr\/wp-content\/uploads\/2021\/03\/lattakia4-150x103.jpg 150w, https:\/\/archive.sana.sy\/tr\/wp-content\/uploads\/2021\/03\/lattakia4-110x75.jpg 110w\" sizes=\"auto, (max-width: 660px) 100vw, 660px\" \/><\/a>\n\t\t\t<\/div><\/figure>\n\t\t<\/div>\n\n","protected":false},"excerpt":{"rendered":"<p>LAZK\u0130YE \u2013 SANA muhabiri, Zynzaf, Beyt Ayu\u015f, Rayane ve el Saraya k\u00f6ylerinin ahalisi bug\u00fcn, Lazkiye k\u0131rsal\u0131n\u0131n kuzeyinde ter\u00f6r kal\u0131nt\u0131lar\u0131ndan kurtar\u0131ld\u0131ktan ve temel hizmetler verdikten sonra ter\u00f6rden kurtulan b\u00f6lgelerine d\u00f6nd\u00fcklerini belirtti.<\/p>\n","protected":false},"author":36,"featured_media":229886,"comment_status":"closed","ping_status":"closed","sticky":false,"template":"","format":"standard","meta":{"footnotes":""},"categories":[479,17988,478],"tags":[],"class_list":["post-229882","post","type-post","status-publish","format-standard","has-post-thumbnail","","category-haberler-yerel","category-son-haberler","category-yerel"],"_links":{"self":[{"href":"https:\/\/archive.sana.sy\/tr\/index.php?rest_route=\/wp\/v2\/posts\/229882","targetHints":{"allow":["GET"]}}],"collection":[{"href":"https:\/\/archive.sana.sy\/tr\/index.php?rest_route=\/wp\/v2\/posts"}],"about":[{"href":"https:\/\/archive.sana.sy\/tr\/index.php?rest_route=\/wp\/v2\/types\/post"}],"author":[{"embeddable":true,"href":"https:\/\/archive.sana.sy\/tr\/index.php?rest_route=\/wp\/v2\/users\/36"}],"replies":[{"embeddable":true,"href":"https:\/\/archive.sana.sy\/tr\/index.php?rest_route=%2Fwp%2Fv2%2Fcomments&post=229882"}],"version-history":[{"count":0,"href":"https:\/\/archive.sana.sy\/tr\/index.php?rest_route=\/wp\/v2\/posts\/229882\/revisions"}],"wp:featuredmedia":[{"embeddable":true,"href":"https:\/\/archive.sana.sy\/tr\/index.php?rest_route=\/wp\/v2\/media\/229886"}],"wp:attachment":[{"href":"https:\/\/archive.sana.sy\/tr\/index.php?rest_route=%2Fwp%2Fv2%2Fmedia&parent=229882"}],"wp:term":[{"taxonomy":"category","embeddable":true,"href":"https:\/\/archive.sana.sy\/tr\/index.php?rest_route=%2Fwp%2Fv2%2Fcategories&post=229882"},{"taxonomy":"post_tag","embeddable":true,"href":"https:\/\/archive.sana.sy\/tr\/index.php?rest_route=%2Fwp%2Fv2%2Ftags&post=229882"}],"curies":[{"name":"wp","href":"https:\/\/api.w.org\/{rel}","templated":true}]}}