{"id":229952,"date":"2021-03-10T19:45:08","date_gmt":"2021-03-10T17:45:08","guid":{"rendered":"http:\/\/107.6.182.27\/tr\/?p=229952"},"modified":"2021-03-11T12:08:33","modified_gmt":"2021-03-11T10:08:33","slug":"cin-devlet-baskani-ve-esi-cumhurbaskani-esad-ve-bayan-asmaya-acil-sifa-dileklerini-dile-getiriyor","status":"publish","type":"post","link":"https:\/\/archive.sana.sy\/tr\/?p=229952","title":{"rendered":"\u00c7in Devlet Ba\u015fkan\u0131 Ve E\u015fi, Cumhurba\u015fkan\u0131 Esad Ve Bayan Asma&#8217;ya Acil \u015eifa Dileklerini Dile Getiriyor."},"content":{"rendered":"<p>PEK\u0130N-MOSKOVA &#8211; \u00c7in Devlet Ba\u015fkan\u0131 Xi Jinping ve e\u015fi, yeni Corona vir\u00fcs\u00fc bula\u015fmas\u0131ndan Cumhurba\u015fkan\u0131 Be\u015far Esad ve Bayan Esma El Esad&#8217;a acil \u015fifa dileklerini dile getirdi.<\/p>\n<p>\u00c7in Xinhua Ajans\u0131, Ba\u015fkan Xi&#8217;nin Ba\u015fkan El Esad&#8217;a bir mesaj g\u00f6nderdi\u011fini bildirdi. Mesajda kendisi ve e\u015fi Peng Liyuan sempatilerini ifade etti ve Ba\u015fkan Esad ve Bayan Asma&#8217;ya Covid 19&#8217;dan acilen iyile\u015fmelerini diledi.<\/p>\n<p>Cumhurba\u015fkan\u0131 Xi, \u00c7in h\u00fck\u00fcmetinin ve halk\u0131n\u0131n Suriye h\u00fck\u00fcmeti ve halk\u0131n\u0131n COVID-19 ile m\u00fccadele \u00e7abalar\u0131n\u0131 g\u00fc\u00e7l\u00fc bir \u015fekilde destekledi\u011fini vurgulayarak, Esad liderli\u011finde Suriye halk\u0131n\u0131n Covid-19\u2019u yenece\u011fine inand\u0131\u011f\u0131n\u0131 ifade etti.<\/p>\n<p>D\u00fcn, Rusya cumhurba\u015fkanl\u0131\u011f\u0131 s\u00f6zc\u00fcs\u00fc Dmitry Peskov, Moskova&#8217;n\u0131n bu konuda yard\u0131m etmek istedi\u011fini ifade ederek, Cumhurba\u015fkan\u0131 Esad ve Bayan Asma&#8217;ya Corona vir\u00fcs\u00fc bula\u015fmas\u0131n\u0131n hafif olaca\u011f\u0131 umudunu dile getirdi. Ve Rusya Devlet Ba\u015fkan\u0131 Vladimir Putin&#8217;in, Ba\u015fkan Esad&#8217;\u0131n yard\u0131m istemesi durumunda konuyla hemen ilgilenece\u011fini s\u00f6yledi.<\/p>\n","protected":false},"excerpt":{"rendered":"<p>PEK\u0130N-MOSKOVA &#8211; \u00c7in Devlet Ba\u015fkan\u0131 Xi Jinping ve e\u015fi, yeni Corona vir\u00fcs\u00fc bula\u015fmas\u0131ndan Cumhurba\u015fkan\u0131 Be\u015far Esad ve Bayan Esma El Esad&#8217;a acil \u015fifa dileklerini dile getirdi. \u00c7in Xinhua Ajans\u0131, Ba\u015fkan Xi&#8217;nin Ba\u015fkan El Esad&#8217;a bir mesaj g\u00f6nderdi\u011fini bildirdi. Mesajda kendisi ve e\u015fi Peng Liyuan sempatilerini ifade etti ve Ba\u015fkan Esad ve Bayan Asma&#8217;ya Covid 19&#8217;dan &hellip;<\/p>\n","protected":false},"author":1,"featured_media":229953,"comment_status":"closed","ping_status":"closed","sticky":false,"template":"","format":"standard","meta":{"footnotes":""},"categories":[606,605,17988,613],"tags":[],"class_list":["post-229952","post","type-post","status-publish","format-standard","has-post-thumbnail","","category-cumhurbaskani","category-sayin-cumhurbaskani","category-son-haberler","category-telgraflar"],"_links":{"self":[{"href":"https:\/\/archive.sana.sy\/tr\/index.php?rest_route=\/wp\/v2\/posts\/229952","targetHints":{"allow":["GET"]}}],"collection":[{"href":"https:\/\/archive.sana.sy\/tr\/index.php?rest_route=\/wp\/v2\/posts"}],"about":[{"href":"https:\/\/archive.sana.sy\/tr\/index.php?rest_route=\/wp\/v2\/types\/post"}],"author":[{"embeddable":true,"href":"https:\/\/archive.sana.sy\/tr\/index.php?rest_route=\/wp\/v2\/users\/1"}],"replies":[{"embeddable":true,"href":"https:\/\/archive.sana.sy\/tr\/index.php?rest_route=%2Fwp%2Fv2%2Fcomments&post=229952"}],"version-history":[{"count":0,"href":"https:\/\/archive.sana.sy\/tr\/index.php?rest_route=\/wp\/v2\/posts\/229952\/revisions"}],"wp:featuredmedia":[{"embeddable":true,"href":"https:\/\/archive.sana.sy\/tr\/index.php?rest_route=\/wp\/v2\/media\/229953"}],"wp:attachment":[{"href":"https:\/\/archive.sana.sy\/tr\/index.php?rest_route=%2Fwp%2Fv2%2Fmedia&parent=229952"}],"wp:term":[{"taxonomy":"category","embeddable":true,"href":"https:\/\/archive.sana.sy\/tr\/index.php?rest_route=%2Fwp%2Fv2%2Fcategories&post=229952"},{"taxonomy":"post_tag","embeddable":true,"href":"https:\/\/archive.sana.sy\/tr\/index.php?rest_route=%2Fwp%2Fv2%2Ftags&post=229952"}],"curies":[{"name":"wp","href":"https:\/\/api.w.org\/{rel}","templated":true}]}}