{"id":230070,"date":"2021-03-12T14:47:19","date_gmt":"2021-03-12T12:47:19","guid":{"rendered":"http:\/\/107.6.182.27\/tr\/?p=230070"},"modified":"2021-03-14T08:21:38","modified_gmt":"2021-03-14T06:21:38","slug":"hama-kirsalinda-bir-mayin-patladi-2-cocuk-sehit-dustu-2-kisi-de-yaralandi","status":"publish","type":"post","link":"https:\/\/archive.sana.sy\/tr\/?p=230070","title":{"rendered":"Hama K\u0131rsal\u0131nda Bir May\u0131n Patlad\u0131, 2 \u00c7ocuk \u015eehit D\u00fc\u015ft\u00fc, 2 Ki\u015fi De Yaraland\u0131"},"content":{"rendered":"<p>HAMA \u2013 Hama k\u0131rsal\u0131n\u0131n do\u011fusunda yer alan el Amiye k\u00f6y\u00fcnde, ter\u00f6r gruplar\u0131ndan kalan bir may\u0131n\u0131n patlamas\u0131 sonucunda 2 \u00e7ocuk \u015fehit d\u00fc\u015ft\u00fc, 2 ki\u015fi de yaraland\u0131.<\/p>\n<p>Hama Emniyet M\u00fcd\u00fcr\u00fcl\u00fc\u011f\u00fcnden bir kaynak, Hama k\u0131rsal\u0131nda yer alan el Amiye k\u00f6y\u00fcnde, ter\u00f6r gruplar\u0131ndan kalan bir may\u0131n\u0131n patlamas\u0131 sonucunda 2 \u00e7ocu\u011fun \u015fehit d\u00fc\u015ft\u00fc\u011f\u00fcn\u00fc, 2 ki\u015finin de yaraland\u0131\u011f\u0131n\u0131 belirtti.<\/p>\n<p>\u00c7eviri: M.Y<\/p>\n","protected":false},"excerpt":{"rendered":"<p>HAMA \u2013 Hama k\u0131rsal\u0131n\u0131n do\u011fusunda yer alan el Amiye k\u00f6y\u00fcnde, ter\u00f6r gruplar\u0131ndan kalan bir may\u0131n\u0131n patlamas\u0131 sonucunda 2 \u00e7ocuk \u015fehit d\u00fc\u015ft\u00fc, 2 ki\u015fi de yaraland\u0131. Hama Emniyet M\u00fcd\u00fcr\u00fcl\u00fc\u011f\u00fcnden bir kaynak, Hama k\u0131rsal\u0131nda yer alan el Amiye k\u00f6y\u00fcnde, ter\u00f6r gruplar\u0131ndan kalan bir may\u0131n\u0131n patlamas\u0131 sonucunda 2 \u00e7ocu\u011fun \u015fehit d\u00fc\u015ft\u00fc\u011f\u00fcn\u00fc, 2 ki\u015finin de yaraland\u0131\u011f\u0131n\u0131 belirtti. \u00c7eviri: M.Y<\/p>\n","protected":false},"author":36,"featured_media":230071,"comment_status":"closed","ping_status":"closed","sticky":false,"template":"","format":"standard","meta":{"footnotes":""},"categories":[479,575,17988,478],"tags":[],"class_list":["post-230070","post","type-post","status-publish","format-standard","has-post-thumbnail","","category-haberler-yerel","category-olaylar-ve-gercekler","category-son-haberler","category-yerel"],"_links":{"self":[{"href":"https:\/\/archive.sana.sy\/tr\/index.php?rest_route=\/wp\/v2\/posts\/230070","targetHints":{"allow":["GET"]}}],"collection":[{"href":"https:\/\/archive.sana.sy\/tr\/index.php?rest_route=\/wp\/v2\/posts"}],"about":[{"href":"https:\/\/archive.sana.sy\/tr\/index.php?rest_route=\/wp\/v2\/types\/post"}],"author":[{"embeddable":true,"href":"https:\/\/archive.sana.sy\/tr\/index.php?rest_route=\/wp\/v2\/users\/36"}],"replies":[{"embeddable":true,"href":"https:\/\/archive.sana.sy\/tr\/index.php?rest_route=%2Fwp%2Fv2%2Fcomments&post=230070"}],"version-history":[{"count":0,"href":"https:\/\/archive.sana.sy\/tr\/index.php?rest_route=\/wp\/v2\/posts\/230070\/revisions"}],"wp:featuredmedia":[{"embeddable":true,"href":"https:\/\/archive.sana.sy\/tr\/index.php?rest_route=\/wp\/v2\/media\/230071"}],"wp:attachment":[{"href":"https:\/\/archive.sana.sy\/tr\/index.php?rest_route=%2Fwp%2Fv2%2Fmedia&parent=230070"}],"wp:term":[{"taxonomy":"category","embeddable":true,"href":"https:\/\/archive.sana.sy\/tr\/index.php?rest_route=%2Fwp%2Fv2%2Fcategories&post=230070"},{"taxonomy":"post_tag","embeddable":true,"href":"https:\/\/archive.sana.sy\/tr\/index.php?rest_route=%2Fwp%2Fv2%2Ftags&post=230070"}],"curies":[{"name":"wp","href":"https:\/\/api.w.org\/{rel}","templated":true}]}}