{"id":230130,"date":"2021-03-14T09:14:34","date_gmt":"2021-03-14T07:14:34","guid":{"rendered":"http:\/\/107.6.182.27\/tr\/?p=230130"},"modified":"2021-03-16T08:18:29","modified_gmt":"2021-03-16T06:18:29","slug":"medya-kaynagi-suriye-ile-siyonist-varlik-arasindaki-gizli-muzakereler-hakkindaki-konusmalar-medya-uydurmalarindan-baska-bir-sey-degildir","status":"publish","type":"post","link":"https:\/\/archive.sana.sy\/tr\/?p=230130","title":{"rendered":"Medya kayna\u011f\u0131: Suriye ile Siyonist Varl\u0131k Aras\u0131ndaki Gizli M\u00fczakereler Hakk\u0131ndaki Konu\u015fmalar, Medya Uydurmalar\u0131ndan Ba\u015fka Bir \u015eey De\u011fildir."},"content":{"rendered":"<p>\u015eAM \u2013 Bir medya kayna\u011f\u0131, Suriye ile Siyonist varl\u0131k aras\u0131ndaki herhangi bir gizli m\u00fczakereler veya g\u00f6r\u00fc\u015fmelerden bahsetmenin, medya ve siyasi uydurmalardan ba\u015fka bir \u015fey olmad\u0131\u011f\u0131n\u0131 do\u011frulad\u0131.<\/p>\n<p>Kaynak SANA&#8217;ya yapt\u0131\u011f\u0131 a\u00e7\u0131klamada, Son zamanlarda Suriye ile Siyonist varl\u0131k aras\u0131ndaki gizli g\u00f6r\u00fc\u015fmeler ve m\u00fczakereler hakk\u0131nda \u00e7ok say\u0131da s\u00f6ylenti ve yalan haber geldi\u011fini belirtirken, Suriye&#8217;nin bu konuyla ilgili her zaman net ve \u015feffaf oldu\u011funa ve Siyonist varl\u0131\u011f\u0131la gizli m\u00fczakere yakla\u015f\u0131m\u0131n\u0131 hi\u00e7bir zaman benimsemedi\u011fine i\u015faret etti.<\/p>\n<p>Kaynak, &#8220;Suriye&#8217;nin daha \u00f6nce yapt\u0131\u011f\u0131 her \u015feyin kamuya a\u00e7\u0131k oldu\u011funu ve gelecekte kamuya a\u00e7\u0131k olmad\u0131k\u00e7a olmayaca\u011f\u0131n\u0131 ve bu nedenle Suriye ile Siyonist varl\u0131k aras\u0131ndaki gizli m\u00fczakereler veya tart\u0131\u015fmalar hakk\u0131ndaki herhangi bir konu\u015fma, medya ve siyasi uydurmalardan ba\u015fka bir \u015fey de\u011fildir&#8221; dedi.<\/p>\n<p><em>\u00a0<\/em><\/p>\n","protected":false},"excerpt":{"rendered":"<p>\u015eAM \u2013 Bir medya kayna\u011f\u0131, Suriye ile Siyonist varl\u0131k aras\u0131ndaki herhangi bir gizli m\u00fczakereler veya g\u00f6r\u00fc\u015fmelerden bahsetmenin, medya ve siyasi uydurmalardan ba\u015fka bir \u015fey olmad\u0131\u011f\u0131n\u0131 do\u011frulad\u0131. Kaynak SANA&#8217;ya yapt\u0131\u011f\u0131 a\u00e7\u0131klamada, Son zamanlarda Suriye ile Siyonist varl\u0131k aras\u0131ndaki gizli g\u00f6r\u00fc\u015fmeler ve m\u00fczakereler hakk\u0131nda \u00e7ok say\u0131da s\u00f6ylenti ve yalan haber geldi\u011fini belirtirken, Suriye&#8217;nin bu konuyla ilgili her &hellip;<\/p>\n","protected":false},"author":36,"featured_media":230131,"comment_status":"closed","ping_status":"closed","sticky":false,"template":"","format":"standard","meta":{"footnotes":""},"categories":[479,575,17988,478],"tags":[],"class_list":["post-230130","post","type-post","status-publish","format-standard","has-post-thumbnail","","category-haberler-yerel","category-olaylar-ve-gercekler","category-son-haberler","category-yerel"],"_links":{"self":[{"href":"https:\/\/archive.sana.sy\/tr\/index.php?rest_route=\/wp\/v2\/posts\/230130","targetHints":{"allow":["GET"]}}],"collection":[{"href":"https:\/\/archive.sana.sy\/tr\/index.php?rest_route=\/wp\/v2\/posts"}],"about":[{"href":"https:\/\/archive.sana.sy\/tr\/index.php?rest_route=\/wp\/v2\/types\/post"}],"author":[{"embeddable":true,"href":"https:\/\/archive.sana.sy\/tr\/index.php?rest_route=\/wp\/v2\/users\/36"}],"replies":[{"embeddable":true,"href":"https:\/\/archive.sana.sy\/tr\/index.php?rest_route=%2Fwp%2Fv2%2Fcomments&post=230130"}],"version-history":[{"count":0,"href":"https:\/\/archive.sana.sy\/tr\/index.php?rest_route=\/wp\/v2\/posts\/230130\/revisions"}],"wp:featuredmedia":[{"embeddable":true,"href":"https:\/\/archive.sana.sy\/tr\/index.php?rest_route=\/wp\/v2\/media\/230131"}],"wp:attachment":[{"href":"https:\/\/archive.sana.sy\/tr\/index.php?rest_route=%2Fwp%2Fv2%2Fmedia&parent=230130"}],"wp:term":[{"taxonomy":"category","embeddable":true,"href":"https:\/\/archive.sana.sy\/tr\/index.php?rest_route=%2Fwp%2Fv2%2Fcategories&post=230130"},{"taxonomy":"post_tag","embeddable":true,"href":"https:\/\/archive.sana.sy\/tr\/index.php?rest_route=%2Fwp%2Fv2%2Ftags&post=230130"}],"curies":[{"name":"wp","href":"https:\/\/api.w.org\/{rel}","templated":true}]}}