{"id":230322,"date":"2021-03-16T11:18:21","date_gmt":"2021-03-16T09:18:21","guid":{"rendered":"http:\/\/107.6.182.27\/tr\/?p=230322"},"modified":"2021-03-17T08:19:23","modified_gmt":"2021-03-17T06:19:23","slug":"isgalci-israil-gucleri-bati-yakada-6-filistinliyi-tutukladi-3","status":"publish","type":"post","link":"https:\/\/archive.sana.sy\/tr\/?p=230322","title":{"rendered":"\u0130\u015fgalci \u0130srail G\u00fc\u00e7leri, Bat\u0131 Yaka\u2019da 6 Filistinliyi Tutuklad\u0131"},"content":{"rendered":"<p>\u0130\u015eGAL ALTINDAK\u0130 KUD\u00dcS \u2013 \u0130\u015ffalci \u0130srail g\u00fc\u00e7leri, bug\u00fcn Bat\u0131 Yaka\u2019n\u0131n farkl\u0131 b\u00f6lgelerinde 6 Filistinliyi tutuklad\u0131.<\/p>\n<p>WAFA Haber Ajans\u0131, i\u015fgalci \u0130srail g\u00fc\u00e7leri, Selfit\u2019teki Kafal Haris, Beyt Lahm\u2019daki el Hidir, Cenin\u2019deki Kabatiya ve Ramallah\u2019taki K\u0131ravet Bani Zayid beldelerine bask\u0131n d\u00fczenledi\u011fini belirtirken, 6 Filistinliyi tutuklad\u0131\u011f\u0131na i\u015faret etti.<\/p>\n<p>\u00c7eviri: M.Y<\/p>\n","protected":false},"excerpt":{"rendered":"<p>\u0130\u015eGAL ALTINDAK\u0130 KUD\u00dcS \u2013 \u0130\u015ffalci \u0130srail g\u00fc\u00e7leri, bug\u00fcn Bat\u0131 Yaka\u2019n\u0131n farkl\u0131 b\u00f6lgelerinde 6 Filistinliyi tutuklad\u0131. WAFA Haber Ajans\u0131, i\u015fgalci \u0130srail g\u00fc\u00e7leri, Selfit\u2019teki Kafal Haris, Beyt Lahm\u2019daki el Hidir, Cenin\u2019deki Kabatiya ve Ramallah\u2019taki K\u0131ravet Bani Zayid beldelerine bask\u0131n d\u00fczenledi\u011fini belirtirken, 6 Filistinliyi tutuklad\u0131\u011f\u0131na i\u015faret etti. \u00c7eviri: M.Y<\/p>\n","protected":false},"author":36,"featured_media":230323,"comment_status":"closed","ping_status":"closed","sticky":false,"template":"","format":"standard","meta":{"footnotes":""},"categories":[458,459,17988],"tags":[],"class_list":["post-230322","post","type-post","status-publish","format-standard","has-post-thumbnail","","category-dunya1","category-haberler-arap-uluslararasi-politika","category-son-haberler"],"_links":{"self":[{"href":"https:\/\/archive.sana.sy\/tr\/index.php?rest_route=\/wp\/v2\/posts\/230322","targetHints":{"allow":["GET"]}}],"collection":[{"href":"https:\/\/archive.sana.sy\/tr\/index.php?rest_route=\/wp\/v2\/posts"}],"about":[{"href":"https:\/\/archive.sana.sy\/tr\/index.php?rest_route=\/wp\/v2\/types\/post"}],"author":[{"embeddable":true,"href":"https:\/\/archive.sana.sy\/tr\/index.php?rest_route=\/wp\/v2\/users\/36"}],"replies":[{"embeddable":true,"href":"https:\/\/archive.sana.sy\/tr\/index.php?rest_route=%2Fwp%2Fv2%2Fcomments&post=230322"}],"version-history":[{"count":0,"href":"https:\/\/archive.sana.sy\/tr\/index.php?rest_route=\/wp\/v2\/posts\/230322\/revisions"}],"wp:featuredmedia":[{"embeddable":true,"href":"https:\/\/archive.sana.sy\/tr\/index.php?rest_route=\/wp\/v2\/media\/230323"}],"wp:attachment":[{"href":"https:\/\/archive.sana.sy\/tr\/index.php?rest_route=%2Fwp%2Fv2%2Fmedia&parent=230322"}],"wp:term":[{"taxonomy":"category","embeddable":true,"href":"https:\/\/archive.sana.sy\/tr\/index.php?rest_route=%2Fwp%2Fv2%2Fcategories&post=230322"},{"taxonomy":"post_tag","embeddable":true,"href":"https:\/\/archive.sana.sy\/tr\/index.php?rest_route=%2Fwp%2Fv2%2Ftags&post=230322"}],"curies":[{"name":"wp","href":"https:\/\/api.w.org\/{rel}","templated":true}]}}