{"id":230452,"date":"2021-03-17T12:48:16","date_gmt":"2021-03-17T10:48:16","guid":{"rendered":"http:\/\/107.6.182.27\/tr\/?p=230452"},"modified":"2021-03-18T11:52:31","modified_gmt":"2021-03-18T09:52:31","slug":"cumhurbaskanligi-baskan-esad-ve-sayin-esma-esadin-tedavisini-denetleyen-ulusal-saglik-ekibi-covid-19dan-iyilesme-asamasinda-olduklarini-dogruladi","status":"publish","type":"post","link":"https:\/\/archive.sana.sy\/tr\/?p=230452","title":{"rendered":"Cumhurba\u015fkanl\u0131\u011f\u0131: Ba\u015fkan Esad ve Say\u0131n Esma Esad&#8217;\u0131n Tedavisini Denetleyen Ulusal Sa\u011fl\u0131k Ekibi, Covid 19&#8217;dan \u0130yile\u015fme A\u015famas\u0131nda Olduklar\u0131n\u0131 Do\u011frulad\u0131"},"content":{"rendered":"<p>\u015eAM \u2013 Cumhurba\u015fkanl\u0131\u011f\u0131, Cumhurba\u015fkan\u0131 Be\u015far Esad ve say\u0131n Esma Esad&#8217;\u0131n sa\u011fl\u0131k durumuna ili\u015fkin laboratuvar ve radyolojik g\u00f6stergelerin kademeli olarak do\u011fal de\u011ferlerine d\u00f6nd\u00fc\u011f\u00fcn\u00fc ve &#8221; Kovid 19&#8243; enfeksiyonundan iyile\u015fme a\u015famas\u0131nda olduklar\u0131n\u0131 ilan etti.<\/p>\n<p>Cumhurba\u015fkanl\u0131\u011f\u0131 bug\u00fcn Facebook sayfas\u0131nda yay\u0131nlad\u0131\u011f\u0131 a\u00e7\u0131klamada, Cumhurba\u015fkan\u0131 Esad ve say\u0131n Esma&#8217;n\u0131n &#8220;Covid 19&#8221; vir\u00fcs\u00fc ile enfekte olmas\u0131ndan dokuz g\u00fcn sonra, sa\u011fl\u0131k durumlar\u0131yla ilgili laboratuvar ve radyolojik g\u00f6stergelerin yava\u015f yava\u015f normal de\u011ferlerine d\u00f6nmeye ba\u015flad\u0131\u011f\u0131n\u0131 belirtti.<\/p>\n<p>Cumhurba\u015fkanl\u0131\u011f\u0131 taraf\u0131ndan daha \u00f6nce de teyit edildi\u011fi \u00fczere, Cumhurba\u015fkan\u0131 Esad ve say\u0131n esma Esad&#8217;\u0131n ev karantina s\u00fcresi boyunca \u00e7al\u0131\u015fmalar\u0131na devam ettiklerini ve karantina d\u00f6nemi bittikten sonra normal i\u015flerine d\u00f6neceklerine i\u015faret etti.<\/p>\n<p>\u00c7eviri: M.Y<\/p>\n","protected":false},"excerpt":{"rendered":"<p>\u015eAM \u2013 Cumhurba\u015fkanl\u0131\u011f\u0131, Cumhurba\u015fkan\u0131 Be\u015far Esad ve say\u0131n Esma Esad&#8217;\u0131n sa\u011fl\u0131k durumuna ili\u015fkin laboratuvar ve radyolojik g\u00f6stergelerin kademeli olarak do\u011fal de\u011ferlerine d\u00f6nd\u00fc\u011f\u00fcn\u00fc ve &#8221; Kovid 19&#8243; enfeksiyonundan iyile\u015fme a\u015famas\u0131nda olduklar\u0131n\u0131 ilan etti. Cumhurba\u015fkanl\u0131\u011f\u0131 bug\u00fcn Facebook sayfas\u0131nda yay\u0131nlad\u0131\u011f\u0131 a\u00e7\u0131klamada, Cumhurba\u015fkan\u0131 Esad ve say\u0131n Esma&#8217;n\u0131n &#8220;Covid 19&#8221; vir\u00fcs\u00fc ile enfekte olmas\u0131ndan dokuz g\u00fcn sonra, sa\u011fl\u0131k durumlar\u0131yla ilgili &hellip;<\/p>\n","protected":false},"author":36,"featured_media":230453,"comment_status":"closed","ping_status":"closed","sticky":false,"template":"","format":"standard","meta":{"footnotes":""},"categories":[479,17988,478],"tags":[],"class_list":["post-230452","post","type-post","status-publish","format-standard","has-post-thumbnail","","category-haberler-yerel","category-son-haberler","category-yerel"],"_links":{"self":[{"href":"https:\/\/archive.sana.sy\/tr\/index.php?rest_route=\/wp\/v2\/posts\/230452","targetHints":{"allow":["GET"]}}],"collection":[{"href":"https:\/\/archive.sana.sy\/tr\/index.php?rest_route=\/wp\/v2\/posts"}],"about":[{"href":"https:\/\/archive.sana.sy\/tr\/index.php?rest_route=\/wp\/v2\/types\/post"}],"author":[{"embeddable":true,"href":"https:\/\/archive.sana.sy\/tr\/index.php?rest_route=\/wp\/v2\/users\/36"}],"replies":[{"embeddable":true,"href":"https:\/\/archive.sana.sy\/tr\/index.php?rest_route=%2Fwp%2Fv2%2Fcomments&post=230452"}],"version-history":[{"count":0,"href":"https:\/\/archive.sana.sy\/tr\/index.php?rest_route=\/wp\/v2\/posts\/230452\/revisions"}],"wp:featuredmedia":[{"embeddable":true,"href":"https:\/\/archive.sana.sy\/tr\/index.php?rest_route=\/wp\/v2\/media\/230453"}],"wp:attachment":[{"href":"https:\/\/archive.sana.sy\/tr\/index.php?rest_route=%2Fwp%2Fv2%2Fmedia&parent=230452"}],"wp:term":[{"taxonomy":"category","embeddable":true,"href":"https:\/\/archive.sana.sy\/tr\/index.php?rest_route=%2Fwp%2Fv2%2Fcategories&post=230452"},{"taxonomy":"post_tag","embeddable":true,"href":"https:\/\/archive.sana.sy\/tr\/index.php?rest_route=%2Fwp%2Fv2%2Ftags&post=230452"}],"curies":[{"name":"wp","href":"https:\/\/api.w.org\/{rel}","templated":true}]}}