{"id":230457,"date":"2021-03-18T08:19:49","date_gmt":"2021-03-18T06:19:49","guid":{"rendered":"http:\/\/107.6.182.27\/tr\/?p=230457"},"modified":"2021-03-19T08:43:08","modified_gmt":"2021-03-19T06:43:08","slug":"dsg-milisleri-rakka-kirsalindan-birkac-genci-kacirdi-3","status":"publish","type":"post","link":"https:\/\/archive.sana.sy\/tr\/?p=230457","title":{"rendered":"DSG Milisleri Rakka K\u0131rsal\u0131ndan Birka\u00e7 Genci Ka\u00e7\u0131rd\u0131"},"content":{"rendered":"<p>RAKKA \u2013 \u0130\u015fgalci Amerikan g\u00fc\u00e7lerine ba\u011fl\u0131 \u201cDSG\u201d milisleri, el Cezire b\u00f6lgesindeki i\u015fgal etti\u011fi b\u00f6lgelerde bask\u0131n ve ka\u00e7\u0131rma eylemlerine devam ederek, El Rakka \u015fehrinin merkezindeki El-Mansur ve El Vadi mahallelerinden birka\u00e7 genci ka\u00e7\u0131rd\u0131.<\/p>\n<p>Yerel kaynaklar SANA muhabirine, &#8220;DSG milislerinden&#8221; silahl\u0131 gruplar\u0131n, Rakka \u015fehrinin merkezinde El Mansur ve El Vadi mahallelerinde silahl\u0131 kontrol noktalar\u0131 kurduklar\u0131n\u0131 belirtirken, 25\u2019ten fazala genci ka\u00e7\u0131rd\u0131\u011f\u0131na i\u015faret etti.<\/p>\n<p>Kaynaklar, milislerin, ka\u00e7\u0131rd\u0131klar\u0131 gen\u00e7lerin saflar\u0131nda sava\u015fmaya zorlamak i\u00e7in e\u011fitim kamplar\u0131na g\u00f6t\u00fcrd\u00fc\u011f\u00fcne dikkat \u00e7ekti.<\/p>\n<p>\u00c7eviri: M.Y<\/p>\n","protected":false},"excerpt":{"rendered":"<p>RAKKA \u2013 \u0130\u015fgalci Amerikan g\u00fc\u00e7lerine ba\u011fl\u0131 \u201cDSG\u201d milisleri, el Cezire b\u00f6lgesindeki i\u015fgal etti\u011fi b\u00f6lgelerde bask\u0131n ve ka\u00e7\u0131rma eylemlerine devam ederek, El Rakka \u015fehrinin merkezindeki El-Mansur ve El Vadi mahallelerinden birka\u00e7 genci ka\u00e7\u0131rd\u0131. Yerel kaynaklar SANA muhabirine, &#8220;DSG milislerinden&#8221; silahl\u0131 gruplar\u0131n, Rakka \u015fehrinin merkezinde El Mansur ve El Vadi mahallelerinde silahl\u0131 kontrol noktalar\u0131 kurduklar\u0131n\u0131 belirtirken, 25\u2019ten &hellip;<\/p>\n","protected":false},"author":36,"featured_media":230458,"comment_status":"closed","ping_status":"closed","sticky":false,"template":"","format":"standard","meta":{"footnotes":""},"categories":[479,575,17988,478],"tags":[],"class_list":["post-230457","post","type-post","status-publish","format-standard","has-post-thumbnail","","category-haberler-yerel","category-olaylar-ve-gercekler","category-son-haberler","category-yerel"],"_links":{"self":[{"href":"https:\/\/archive.sana.sy\/tr\/index.php?rest_route=\/wp\/v2\/posts\/230457","targetHints":{"allow":["GET"]}}],"collection":[{"href":"https:\/\/archive.sana.sy\/tr\/index.php?rest_route=\/wp\/v2\/posts"}],"about":[{"href":"https:\/\/archive.sana.sy\/tr\/index.php?rest_route=\/wp\/v2\/types\/post"}],"author":[{"embeddable":true,"href":"https:\/\/archive.sana.sy\/tr\/index.php?rest_route=\/wp\/v2\/users\/36"}],"replies":[{"embeddable":true,"href":"https:\/\/archive.sana.sy\/tr\/index.php?rest_route=%2Fwp%2Fv2%2Fcomments&post=230457"}],"version-history":[{"count":0,"href":"https:\/\/archive.sana.sy\/tr\/index.php?rest_route=\/wp\/v2\/posts\/230457\/revisions"}],"wp:featuredmedia":[{"embeddable":true,"href":"https:\/\/archive.sana.sy\/tr\/index.php?rest_route=\/wp\/v2\/media\/230458"}],"wp:attachment":[{"href":"https:\/\/archive.sana.sy\/tr\/index.php?rest_route=%2Fwp%2Fv2%2Fmedia&parent=230457"}],"wp:term":[{"taxonomy":"category","embeddable":true,"href":"https:\/\/archive.sana.sy\/tr\/index.php?rest_route=%2Fwp%2Fv2%2Fcategories&post=230457"},{"taxonomy":"post_tag","embeddable":true,"href":"https:\/\/archive.sana.sy\/tr\/index.php?rest_route=%2Fwp%2Fv2%2Ftags&post=230457"}],"curies":[{"name":"wp","href":"https:\/\/api.w.org\/{rel}","templated":true}]}}